{"id":243689,"date":"2024-04-06T20:48:39","date_gmt":"2024-04-06T23:48:39","guid":{"rendered":"https:\/\/www.redenoticia.com.br\/noticia\/?p=243689"},"modified":"2024-04-06T20:48:39","modified_gmt":"2024-04-06T23:48:39","slug":"resumo-renascer-08-04-mariana-pede-a-joao-pedro-que-a-beije","status":"publish","type":"post","link":"https:\/\/migracao.redenoticia.com.br\/noticia\/2024\/resumo-renascer-08-04-mariana-pede-a-joao-pedro-que-a-beije\/243689","title":{"rendered":"Resumo &#8220;Renascer&#8221; 08\/04: Mariana pede a Jo\u00e3o Pedro que a beije"},"content":{"rendered":"<p><img loading=\"lazy\" decoding=\"async\" src=\"https:\/\/migracao.redenoticia.com.br\/noticia\/imagens\/renascer-resumo-capitulos-hoje.jpg\" alt=\"\" width=\"1280\" height=\"720\" class=\"aligncenter size-full wp-image-241929\" srcset=\"https:\/\/migracao.redenoticia.com.br\/noticia\/imagens\/renascer-resumo-capitulos-hoje.jpg 1280w, https:\/\/migracao.redenoticia.com.br\/noticia\/imagens\/renascer-resumo-capitulos-hoje-250x140.jpg 250w, https:\/\/migracao.redenoticia.com.br\/noticia\/imagens\/renascer-resumo-capitulos-hoje-400x225.jpg 400w, https:\/\/migracao.redenoticia.com.br\/noticia\/imagens\/renascer-resumo-capitulos-hoje-768x432.jpg 768w, https:\/\/migracao.redenoticia.com.br\/noticia\/imagens\/renascer-resumo-capitulos-hoje-150x85.jpg 150w\" sizes=\"auto, (max-width: 1280px) 100vw, 1280px\" \/><\/p>\n<p><strong><em>Resumo da novela &#8220;Renascer&#8221;<\/em><\/strong> em 08\/04: no cap\u00edtulo 066(*) da novela, Jo\u00e3o Pedro comunica a Bento que n\u00e3o cuidar\u00e1 mais das ro\u00e7as do irm\u00e3o. Dona Patroa avisa a Joana que a funcion\u00e1ria e o marido n\u00e3o deixar\u00e3o a fazenda. Jo\u00e3o Pedro explica ao pai como fez o destrato com Bento. Mariana sente admira\u00e7\u00e3o por Jo\u00e3o Pedro. Dona Patroa consegue que Eg\u00eddio desista da demiss\u00e3o de Ti\u00e3o Galinha. Deocleciano observa, sem ser visto, Dami\u00e3o e Eliana juntos. Morena estranha a visita de Eliana. Eg\u00eddio furta roupas de Joana e Ti\u00e3o, e acaba derrubando a gaiola da galinha. Ti\u00e3o Galinha amea\u00e7a matar a pessoa que derrubou sua gaiola.<\/p>\n<p>Ti\u00e3o Galinha est\u00e1 cismado com a tentativa do que ele acredita ter sido uma tentativa de roubarem a sua galinha. Joana avisa a Ti\u00e3o que n\u00e3o foram os filhos que mexeram na gaiola. Deocleciano pede a Morena para n\u00e3o contar a Ritinha que viu Eliana beijar Dami\u00e3o. Kika reage \u00e0s novas mentiras contadas por Bento, que se d\u00e1 conta de que perdeu a namorada para sempre. Buba confronta Ven\u00e2ncio com as mentiras que ele mesmo criou. Mariana sente ci\u00fames de Jos\u00e9 Inoc\u00eancio. Mariana diz a In\u00e1cia que Jos\u00e9 Inoc\u00eancio vai ter que tirar a santa de casa, e amea\u00e7a deixar a fazenda. Mariana pede a Jo\u00e3o Pedro que a beije.<\/p>\n<p>(*) edi\u00e7\u00e3o das novelas da Globo, &#8220;Renascer&#8221;, sujeito a altera\u00e7\u00e3o de data e conte\u00fado.<\/p>\n<p>Sinopse &#8220;Renascer&#8221;: Jos\u00e9 Inoc\u00eancio chegou na zona cacaueira de Ilh\u00e9us, na Bahia, e fincou um fac\u00e3o aos p\u00e9s de um frondoso jequitib\u00e1. Este gesto passa a ser o s\u00edmbolo de sua coragem e do sonho de se tornar eterno. Apaixona-se ap\u00f3s o boi-bumb\u00e1 passar por sua fazenda, casa-se com Maria Santa e torna-se pai de quatro filhos: Jos\u00e9 Augusto, Jos\u00e9 Bento, Jos\u00e9 Ven\u00e2ncio e Jo\u00e3o Pedro, o ca\u00e7ula, cujo nascimento \u00e9 acompanhado da morte da m\u00e3e, por complica\u00e7\u00f5es durante o parto.<\/p>\n<p>O fato faz com que Z\u00e9 Inoc\u00eancio desenvolva um relacionamento de \u00f3dio com o filho. Essa desaven\u00e7a \u00e9 que conduz todas as tramas da hist\u00f3ria. Elas se aceleram quando Inoc\u00eancio, j\u00e1 cinquent\u00e3o, conquista e casa-se com a namorada de Jo\u00e3o Pedro, a jovem Mariana. Esta \u00e9 neta do seu maior desafeto no passado, Belarmino, assassinado de forma misteriosa, com as suspeitas recaindo sobre o pr\u00f3prio Inoc\u00eancio. <\/p>\n","protected":false},"excerpt":{"rendered":"<p>Resumo da novela &#8220;Renascer&#8221; em 08\/04: no cap\u00edtulo 066(*) da novela, Jo\u00e3o Pedro comunica a Bento que n\u00e3o cuidar\u00e1 mais das ro\u00e7as do irm\u00e3o. Dona Patroa avisa a Joana que a funcion\u00e1ria e o marido n\u00e3o deixar\u00e3o a fazenda. Jo\u00e3o Pedro explica ao pai como fez o destrato com Bento. Mariana sente admira\u00e7\u00e3o por Jo\u00e3o [&hellip;]<\/p>\n","protected":false},"author":2,"featured_media":241527,"comment_status":"closed","ping_status":"closed","sticky":false,"template":"","format":"standard","meta":{"tdm_status":"","tdm_grid_status":"","footnotes":""},"categories":[379,375,2323,2025,343],"tags":[441],"class_list":{"0":"post-243689","1":"post","2":"type-post","3":"status-publish","4":"format-standard","5":"has-post-thumbnail","7":"category-novelas","8":"category-rede-globo","9":"category-renascer","10":"category-resumo","11":"category-televisao","12":"tag-resumo-do-dia"},"_links":{"self":[{"href":"https:\/\/migracao.redenoticia.com.br\/noticia\/wp-json\/wp\/v2\/posts\/243689","targetHints":{"allow":["GET"]}}],"collection":[{"href":"https:\/\/migracao.redenoticia.com.br\/noticia\/wp-json\/wp\/v2\/posts"}],"about":[{"href":"https:\/\/migracao.redenoticia.com.br\/noticia\/wp-json\/wp\/v2\/types\/post"}],"author":[{"embeddable":true,"href":"https:\/\/migracao.redenoticia.com.br\/noticia\/wp-json\/wp\/v2\/users\/2"}],"replies":[{"embeddable":true,"href":"https:\/\/migracao.redenoticia.com.br\/noticia\/wp-json\/wp\/v2\/comments?post=243689"}],"version-history":[{"count":0,"href":"https:\/\/migracao.redenoticia.com.br\/noticia\/wp-json\/wp\/v2\/posts\/243689\/revisions"}],"wp:featuredmedia":[{"embeddable":true,"href":"https:\/\/migracao.redenoticia.com.br\/noticia\/wp-json\/wp\/v2\/media\/241527"}],"wp:attachment":[{"href":"https:\/\/migracao.redenoticia.com.br\/noticia\/wp-json\/wp\/v2\/media?parent=243689"}],"wp:term":[{"taxonomy":"category","embeddable":true,"href":"https:\/\/migracao.redenoticia.com.br\/noticia\/wp-json\/wp\/v2\/categories?post=243689"},{"taxonomy":"post_tag","embeddable":true,"href":"https:\/\/migracao.redenoticia.com.br\/noticia\/wp-json\/wp\/v2\/tags?post=243689"}],"curies":[{"name":"wp","href":"https:\/\/api.w.org\/{rel}","templated":true}]}}