{"id":243725,"date":"2024-04-09T08:58:03","date_gmt":"2024-04-09T11:58:03","guid":{"rendered":"https:\/\/www.redenoticia.com.br\/noticia\/?p=243725"},"modified":"2024-04-09T08:58:03","modified_gmt":"2024-04-09T11:58:03","slug":"resumo-renascer-10-04-mariana-afirma-que-largou-jose-inocencio","status":"publish","type":"post","link":"https:\/\/migracao.redenoticia.com.br\/noticia\/2024\/resumo-renascer-10-04-mariana-afirma-que-largou-jose-inocencio\/243725","title":{"rendered":"Resumo &#8220;Renascer&#8221; 10\/04: Mariana afirma que largou Jos\u00e9 Inoc\u00eancio"},"content":{"rendered":"<p> <img loading=\"lazy\" decoding=\"async\" src=\"https:\/\/migracao.redenoticia.com.br\/noticia\/imagens\/renascer-resumo-capitulos-hoje.jpg\" alt=\"\" width=\"1280\" height=\"720\" class=\"aligncenter size-full wp-image-241929\" srcset=\"https:\/\/migracao.redenoticia.com.br\/noticia\/imagens\/renascer-resumo-capitulos-hoje.jpg 1280w, https:\/\/migracao.redenoticia.com.br\/noticia\/imagens\/renascer-resumo-capitulos-hoje-250x140.jpg 250w, https:\/\/migracao.redenoticia.com.br\/noticia\/imagens\/renascer-resumo-capitulos-hoje-400x225.jpg 400w, https:\/\/migracao.redenoticia.com.br\/noticia\/imagens\/renascer-resumo-capitulos-hoje-768x432.jpg 768w, https:\/\/migracao.redenoticia.com.br\/noticia\/imagens\/renascer-resumo-capitulos-hoje-150x85.jpg 150w\" sizes=\"auto, (max-width: 1280px) 100vw, 1280px\" \/><\/p>\n<p><strong><em>Resumo da novela &#8220;Renascer&#8221;<\/em><\/strong> em 10\/04: no cap\u00edtulo 068(*) da novela, Jo\u00e3o Pedro resiste \u00e0 tenta\u00e7\u00e3o de Mariana, que amea\u00e7a deixar Jos\u00e9 Inoc\u00eancio. Dona Patroa resolve assumir a personagem de Joana e exige que Eg\u00eddio fa\u00e7a o mesmo com Ti\u00e3o Galinha. Jos\u00e9 Inoc\u00eancio e Mariana discutem. In\u00e1cia tenta confortar Mariana. Mariana pede a Morena para ficar em sua casa por uns dias. Bento resolve se mudar para S\u00e3o Paulo, e avisa a Eg\u00eddio que seu cacau est\u00e1 na fazenda do pai. Augusto agradece Lu por ter lhe aconselhado a conversar com Zinha. Jo\u00e3o Pedro se espanta quando v\u00ea Mariana na casa de Morena, afirmando que largou Jos\u00e9 Inoc\u00eancio.<\/p>\n<p>Morena diz a Jo\u00e3o Pedro que Mariana sente ci\u00fames do afilhado. Jos\u00e9 Inoc\u00eancio n\u00e3o encontra o fac\u00e3o que fincou ao p\u00e9 do Jequitib\u00e1. Jos\u00e9 Inoc\u00eancio sonha com Maria Santa pedindo para trazer seus filhos de volta \u00e0 fazenda e para perdoar Mariana. A imagem de Belarmino aparece para Mariana, que absorve todo o \u00f3dio que o av\u00f4 sentia por Jos\u00e9 Inoc\u00eancio. Jo\u00e3o Pedro avisa a Mariana que nunca ficar\u00e1 com ela pelo respeito ao pai. Mariana volta para casa e promete pra si que conseguir\u00e1 passar as terras que eram de sua fam\u00edlia para seu nome.<\/p>\n<p>(*) edi\u00e7\u00e3o das novelas da Globo, &#8220;Renascer&#8221;, sujeito a altera\u00e7\u00e3o de data e conte\u00fado.<\/p>\n<p>Sinopse &#8220;Renascer&#8221;: Jos\u00e9 Inoc\u00eancio chegou na zona cacaueira de Ilh\u00e9us, na Bahia, e fincou um fac\u00e3o aos p\u00e9s de um frondoso jequitib\u00e1. Este gesto passa a ser o s\u00edmbolo de sua coragem e do sonho de se tornar eterno. Apaixona-se ap\u00f3s o boi-bumb\u00e1 passar por sua fazenda, casa-se com Maria Santa e torna-se pai de quatro filhos: Jos\u00e9 Augusto, Jos\u00e9 Bento, Jos\u00e9 Ven\u00e2ncio e Jo\u00e3o Pedro, o ca\u00e7ula, cujo nascimento \u00e9 acompanhado da morte da m\u00e3e, por complica\u00e7\u00f5es durante o parto.<\/p>\n<p>O fato faz com que Z\u00e9 Inoc\u00eancio desenvolva um relacionamento de \u00f3dio com o filho. Essa desaven\u00e7a \u00e9 que conduz todas as tramas da hist\u00f3ria. Elas se aceleram quando Inoc\u00eancio, j\u00e1 cinquent\u00e3o, conquista e casa-se com a namorada de Jo\u00e3o Pedro, a jovem Mariana. Esta \u00e9 neta do seu maior desafeto no passado, Belarmino, assassinado de forma misteriosa, com as suspeitas recaindo sobre o pr\u00f3prio Inoc\u00eancio. <\/p>\n","protected":false},"excerpt":{"rendered":"<p>Resumo da novela &#8220;Renascer&#8221; em 10\/04: no cap\u00edtulo 068(*) da novela, Jo\u00e3o Pedro resiste \u00e0 tenta\u00e7\u00e3o de Mariana, que amea\u00e7a deixar Jos\u00e9 Inoc\u00eancio. Dona Patroa resolve assumir a personagem de Joana e exige que Eg\u00eddio fa\u00e7a o mesmo com Ti\u00e3o Galinha. Jos\u00e9 Inoc\u00eancio e Mariana discutem. In\u00e1cia tenta confortar Mariana. Mariana pede a Morena para [&hellip;]<\/p>\n","protected":false},"author":2,"featured_media":241527,"comment_status":"closed","ping_status":"closed","sticky":false,"template":"","format":"standard","meta":{"tdm_status":"","tdm_grid_status":"","footnotes":""},"categories":[379,375,2323,2025,343],"tags":[441],"class_list":{"0":"post-243725","1":"post","2":"type-post","3":"status-publish","4":"format-standard","5":"has-post-thumbnail","7":"category-novelas","8":"category-rede-globo","9":"category-renascer","10":"category-resumo","11":"category-televisao","12":"tag-resumo-do-dia"},"_links":{"self":[{"href":"https:\/\/migracao.redenoticia.com.br\/noticia\/wp-json\/wp\/v2\/posts\/243725","targetHints":{"allow":["GET"]}}],"collection":[{"href":"https:\/\/migracao.redenoticia.com.br\/noticia\/wp-json\/wp\/v2\/posts"}],"about":[{"href":"https:\/\/migracao.redenoticia.com.br\/noticia\/wp-json\/wp\/v2\/types\/post"}],"author":[{"embeddable":true,"href":"https:\/\/migracao.redenoticia.com.br\/noticia\/wp-json\/wp\/v2\/users\/2"}],"replies":[{"embeddable":true,"href":"https:\/\/migracao.redenoticia.com.br\/noticia\/wp-json\/wp\/v2\/comments?post=243725"}],"version-history":[{"count":0,"href":"https:\/\/migracao.redenoticia.com.br\/noticia\/wp-json\/wp\/v2\/posts\/243725\/revisions"}],"wp:featuredmedia":[{"embeddable":true,"href":"https:\/\/migracao.redenoticia.com.br\/noticia\/wp-json\/wp\/v2\/media\/241527"}],"wp:attachment":[{"href":"https:\/\/migracao.redenoticia.com.br\/noticia\/wp-json\/wp\/v2\/media?parent=243725"}],"wp:term":[{"taxonomy":"category","embeddable":true,"href":"https:\/\/migracao.redenoticia.com.br\/noticia\/wp-json\/wp\/v2\/categories?post=243725"},{"taxonomy":"post_tag","embeddable":true,"href":"https:\/\/migracao.redenoticia.com.br\/noticia\/wp-json\/wp\/v2\/tags?post=243725"}],"curies":[{"name":"wp","href":"https:\/\/api.w.org\/{rel}","templated":true}]}}