{"id":24375,"date":"2010-03-12T02:01:19","date_gmt":"2010-03-12T06:01:19","guid":{"rendered":"http:\/\/www.redenoticia.com.br\/noticia\/?p=24375"},"modified":"2018-08-13T10:49:33","modified_gmt":"2018-08-13T13:49:33","slug":"fernanda-ganha-prova-do-lider-ao-vivo-no-bbb-10","status":"publish","type":"post","link":"https:\/\/migracao.redenoticia.com.br\/noticia\/2010\/fernanda-ganha-prova-do-lider-ao-vivo-no-bbb-10\/24375","title":{"rendered":"Fernanda ganha prova do l\u00edder ao vivo no BBB 10"},"content":{"rendered":"<p><strong><em><img loading=\"lazy\" decoding=\"async\" class=\"alignleft size-full wp-image-22134\" title=\"BBB 10 Rede Globo\" src=\"https:\/\/migracao.redenoticia.com.br\/noticia\/imagens\/BBB-10-Rede-Globo.jpg\" alt=\"\" width=\"300\" height=\"193\" srcset=\"https:\/\/migracao.redenoticia.com.br\/noticia\/imagens\/BBB-10-Rede-Globo.jpg 300w, https:\/\/migracao.redenoticia.com.br\/noticia\/imagens\/BBB-10-Rede-Globo-250x161.jpg 250w, https:\/\/migracao.redenoticia.com.br\/noticia\/imagens\/BBB-10-Rede-Globo-150x97.jpg 150w\" sizes=\"auto, (max-width: 300px) 100vw, 300px\" \/>BBB 10<\/em><\/strong> \u2013 Fernanda conquista a segunda lideran\u00e7a no BBB 10 na <strong><em>prova do l\u00edder<\/em><\/strong> desta quinta-feira (11\/03) disputada <strong><em>ao vivo<\/em><\/strong> pela Rede Globo. Primeiro os brothers sortearam a ordem da participa\u00e7\u00e3o no jogo, e o resultado foi: 1 Dicesar, 2 Serginho, 3 Michel, 4 Dourado, 5 Maroca, 6 Fernanda, 7 Lia e 8 Cadu. Nesta ordem eles escolheram posi\u00e7\u00f5es em um tabuleiro com telefones, onde puderam ouvir a voz das m\u00e3es dizendo \u201ccontinua no jogo\u201d, \u201celimine um\u201d ou \u201csaia do jogo\u201d.<\/p>\n<p>Serginho eliminou Maroca antes dela escolher uma posi\u00e7\u00e3o e ouvir a mensagem gravada pela sua m\u00e3e pelo BBB 10. Cadu, Lia e Serginho sa\u00edram do jogo porque escolheram posi\u00e7\u00f5es de elimina\u00e7\u00e3o. Dourado eliminou Dicesar. Fernanda eliminou Michel e Dourado e ganhou a lideran\u00e7a.<\/p>\n<p>Ap\u00f3s o t\u00e9rmino de mais uma competi\u00e7\u00e3o ao vivo no BBB 10, Maroca chorou at\u00e9 de madrugada por n\u00e3o ter ouvido a voz da m\u00e3e, e foi consolada por Dourado, que tamb\u00e9m ficou irritado por n\u00e3o ter escolhido boas posi\u00e7\u00f5es na disputa da lideran\u00e7a.<\/p>\n<p>No final da noite Fernanda liberou o quarto do l\u00edder BBB 10 para Michel tomar banho e Serginho acompanhou os brothers. Cadu, Lia e Dourado ficaram conversando sobre os riscos que correm os brothers que enfrentaram o jogo com garra, em compara\u00e7\u00e3o com aqueles que ainda est\u00e3o na sombra. Depois de muita conversa todos dormiram pensando na prova do anjo e nas \u00faltimas semanas do programa BBB 10.<\/p>\n","protected":false},"excerpt":{"rendered":"<p>BBB 10 \u2013 Fernanda conquista a segunda lideran\u00e7a no BBB 10 na prova do l\u00edder desta quinta-feira (11\/03) disputada ao vivo pela Rede Globo. Primeiro os brothers sortearam a ordem da participa\u00e7\u00e3o no jogo, e o resultado foi: 1 Dicesar, 2 Serginho, 3 Michel, 4 Dourado, 5 Maroca, 6 Fernanda, 7 Lia e 8 Cadu. [&hellip;]<\/p>\n","protected":false},"author":3,"featured_media":22134,"comment_status":"open","ping_status":"open","sticky":false,"template":"","format":"standard","meta":{"tdm_status":"","tdm_grid_status":"","footnotes":""},"categories":[520,22,375,343],"tags":[],"class_list":{"0":"post-24375","1":"post","2":"type-post","3":"status-publish","4":"format-standard","5":"has-post-thumbnail","7":"category-big-brother-brasil","8":"category-brasil","9":"category-rede-globo","10":"category-televisao"},"_links":{"self":[{"href":"https:\/\/migracao.redenoticia.com.br\/noticia\/wp-json\/wp\/v2\/posts\/24375","targetHints":{"allow":["GET"]}}],"collection":[{"href":"https:\/\/migracao.redenoticia.com.br\/noticia\/wp-json\/wp\/v2\/posts"}],"about":[{"href":"https:\/\/migracao.redenoticia.com.br\/noticia\/wp-json\/wp\/v2\/types\/post"}],"author":[{"embeddable":true,"href":"https:\/\/migracao.redenoticia.com.br\/noticia\/wp-json\/wp\/v2\/users\/3"}],"replies":[{"embeddable":true,"href":"https:\/\/migracao.redenoticia.com.br\/noticia\/wp-json\/wp\/v2\/comments?post=24375"}],"version-history":[{"count":0,"href":"https:\/\/migracao.redenoticia.com.br\/noticia\/wp-json\/wp\/v2\/posts\/24375\/revisions"}],"wp:featuredmedia":[{"embeddable":true,"href":"https:\/\/migracao.redenoticia.com.br\/noticia\/wp-json\/wp\/v2\/media\/22134"}],"wp:attachment":[{"href":"https:\/\/migracao.redenoticia.com.br\/noticia\/wp-json\/wp\/v2\/media?parent=24375"}],"wp:term":[{"taxonomy":"category","embeddable":true,"href":"https:\/\/migracao.redenoticia.com.br\/noticia\/wp-json\/wp\/v2\/categories?post=24375"},{"taxonomy":"post_tag","embeddable":true,"href":"https:\/\/migracao.redenoticia.com.br\/noticia\/wp-json\/wp\/v2\/tags?post=24375"}],"curies":[{"name":"wp","href":"https:\/\/api.w.org\/{rel}","templated":true}]}}