{"id":243753,"date":"2024-04-09T08:50:46","date_gmt":"2024-04-09T11:50:46","guid":{"rendered":"https:\/\/www.redenoticia.com.br\/noticia\/?p=243753"},"modified":"2024-04-09T08:50:46","modified_gmt":"2024-04-09T11:50:46","slug":"resumo-minha-fortuna-e-te-amar-10-04-olga-e-sequestrada","status":"publish","type":"post","link":"https:\/\/migracao.redenoticia.com.br\/noticia\/2024\/resumo-minha-fortuna-e-te-amar-10-04-olga-e-sequestrada\/243753","title":{"rendered":"Resumo \u201cMinha Fortuna \u00e9 Te Amar\u201d 10\/04: Olga \u00e9 sequestrada"},"content":{"rendered":"<p><img loading=\"lazy\" decoding=\"async\" src=\"https:\/\/migracao.redenoticia.com.br\/noticia\/imagens\/minha-fortuna-e-te-amar-sbt-resumo-elenco.jpg\" alt=\"\" width=\"1280\" height=\"720\" class=\"aligncenter size-full wp-image-240072\" srcset=\"https:\/\/migracao.redenoticia.com.br\/noticia\/imagens\/minha-fortuna-e-te-amar-sbt-resumo-elenco.jpg 1280w, https:\/\/migracao.redenoticia.com.br\/noticia\/imagens\/minha-fortuna-e-te-amar-sbt-resumo-elenco-250x140.jpg 250w, https:\/\/migracao.redenoticia.com.br\/noticia\/imagens\/minha-fortuna-e-te-amar-sbt-resumo-elenco-400x225.jpg 400w, https:\/\/migracao.redenoticia.com.br\/noticia\/imagens\/minha-fortuna-e-te-amar-sbt-resumo-elenco-768x432.jpg 768w, https:\/\/migracao.redenoticia.com.br\/noticia\/imagens\/minha-fortuna-e-te-amar-sbt-resumo-elenco-150x85.jpg 150w\" sizes=\"auto, (max-width: 1280px) 100vw, 1280px\" \/> <\/p>\n<p><strong><em>Resumo da novela \u201cMinha Fortuna \u00e9 Te Amar\u201d<\/em><\/strong> em 10\/04: no cap\u00edtulo 090(*) da novela, Nat\u00e1lia se op\u00f5e ao apoio de Adriano e ele acaba levando para a pousada as coisas que lhe deu. De joelhos, Olga pede a Vicente que acredite na sua palavra e n\u00e3o na de Sinba, pois o filho que espera \u00e9 um Ram\u00edrez. Gustavo retorna arrependido ao sal\u00e3o de Sol para se desculpar, mas ela se recusa. Regina se surpreende ao ver que Lorenzo j\u00e1 consegue andar. <\/p>\n<p>Vicente acredita que ainda h\u00e1 esperan\u00e7a de voltar para Nat\u00e1lia, por isso confessa que quer cancelar o casamento com Olga. Vicente conversa com Olga para informar que seu casamento ser\u00e1 adiado at\u00e9 que ela tenha certeza de que o filho que espera \u00e9 seu. Olga procura Nat\u00e1lia em sua casa e confessa tudo o que aconteceu com Sinba, mas aproveita para avisar que est\u00e1 deixando o caminho livre para ela com Vicente.<\/p>\n<p>Olga garante a Nat\u00e1lia que n\u00e3o ter\u00e1 filho enquanto n\u00e3o tiver nada com Vicente. Pepe Pepe confessa a Regina tudo o que Lorenzo queria fazer com ela e depois verifica. Constanza fica triste porque est\u00e1 sozinha, mas come\u00e7a a delirar com o suposto filho que est\u00e1 esperando. Apesar de tudo que Vicente e Nat\u00e1lia fizeram para recuperar o relacionamento, ele decide continuar com os planos de casamento com Olga. <\/p>\n<p>Est\u00e1 tudo pronto para os planos de casamento de Olga. Olga \u00e9 sequestrada pelos amigos de Sinba a caminho da igreja. Vicente descobre os v\u00eddeos e imagens dos momentos em que seu filho \u00e9 maltratado por Olga.<\/p>\n<p>(*) edi\u00e7\u00e3o das novelas do SBT, \u201cMinha Fortuna \u00e9 Te Amar\u201d, sujeito a altera\u00e7\u00e3o de data e conte\u00fado.<\/p>\n<p>Sinopse \u201cMinha Fortuna \u00e9 Te Amar\u201d: Adri\u00e1n e Ver\u00f3nica tra\u00e7aram um plano para fugir depois de terem enganado os clientes da imobili\u00e1ria onde s\u00e3o ambos s\u00f3cios, juntamente com Mario, namorado de Ver\u00f3nica. Adri\u00e1n deixa Natalia, sua esposa, falida. Natalia, em meio a sua situa\u00e7\u00e3o, decide seguir em frente para criar as filhas Andrea e Regina.<\/p>\n<p>Por outro lado, Vicente Ram\u00edrez sofre a perda de sua esposa Luc\u00eda, que \u00e9 morta em um assalto. O filho de Vicente, Benjam\u00edn sofre o trauma que o deixa sem fala. Vicente \u00e9 v\u00edtima de fraude pela imobili\u00e1ria de Adri\u00e1n. A vida de Nat\u00e1lia e Vicente se confunde quando ele chega \u00e0 imobili\u00e1ria para reclamar o dinheiro que lhe foi roubado.<\/p>\n","protected":false},"excerpt":{"rendered":"<p>Resumo da novela \u201cMinha Fortuna \u00e9 Te Amar\u201d em 10\/04: no cap\u00edtulo 090(*) da novela, Nat\u00e1lia se op\u00f5e ao apoio de Adriano e ele acaba levando para a pousada as coisas que lhe deu. De joelhos, Olga pede a Vicente que acredite na sua palavra e n\u00e3o na de Sinba, pois o filho que espera [&hellip;]<\/p>\n","protected":false},"author":3,"featured_media":240073,"comment_status":"closed","ping_status":"closed","sticky":false,"template":"","format":"standard","meta":{"tdm_status":"","tdm_grid_status":"","footnotes":""},"categories":[2320,379,2025,372,343],"tags":[441],"class_list":{"0":"post-243753","1":"post","2":"type-post","3":"status-publish","4":"format-standard","5":"has-post-thumbnail","7":"category-minha-fortuna-e-te-amar","8":"category-novelas","9":"category-resumo","10":"category-sbt","11":"category-televisao","12":"tag-resumo-do-dia"},"_links":{"self":[{"href":"https:\/\/migracao.redenoticia.com.br\/noticia\/wp-json\/wp\/v2\/posts\/243753","targetHints":{"allow":["GET"]}}],"collection":[{"href":"https:\/\/migracao.redenoticia.com.br\/noticia\/wp-json\/wp\/v2\/posts"}],"about":[{"href":"https:\/\/migracao.redenoticia.com.br\/noticia\/wp-json\/wp\/v2\/types\/post"}],"author":[{"embeddable":true,"href":"https:\/\/migracao.redenoticia.com.br\/noticia\/wp-json\/wp\/v2\/users\/3"}],"replies":[{"embeddable":true,"href":"https:\/\/migracao.redenoticia.com.br\/noticia\/wp-json\/wp\/v2\/comments?post=243753"}],"version-history":[{"count":0,"href":"https:\/\/migracao.redenoticia.com.br\/noticia\/wp-json\/wp\/v2\/posts\/243753\/revisions"}],"wp:featuredmedia":[{"embeddable":true,"href":"https:\/\/migracao.redenoticia.com.br\/noticia\/wp-json\/wp\/v2\/media\/240073"}],"wp:attachment":[{"href":"https:\/\/migracao.redenoticia.com.br\/noticia\/wp-json\/wp\/v2\/media?parent=243753"}],"wp:term":[{"taxonomy":"category","embeddable":true,"href":"https:\/\/migracao.redenoticia.com.br\/noticia\/wp-json\/wp\/v2\/categories?post=243753"},{"taxonomy":"post_tag","embeddable":true,"href":"https:\/\/migracao.redenoticia.com.br\/noticia\/wp-json\/wp\/v2\/tags?post=243753"}],"curies":[{"name":"wp","href":"https:\/\/api.w.org\/{rel}","templated":true}]}}