{"id":243766,"date":"2024-04-09T18:57:52","date_gmt":"2024-04-09T21:57:52","guid":{"rendered":"https:\/\/www.redenoticia.com.br\/noticia\/?p=243766"},"modified":"2024-04-09T18:57:52","modified_gmt":"2024-04-09T21:57:52","slug":"resumo-elas-por-elas-10-04-julgamento-tem-reviravolta","status":"publish","type":"post","link":"https:\/\/migracao.redenoticia.com.br\/noticia\/2024\/resumo-elas-por-elas-10-04-julgamento-tem-reviravolta\/243766","title":{"rendered":"Resumo &#8220;Elas por Elas&#8221; 10\/04: julgamento tem reviravolta"},"content":{"rendered":"<p> <img loading=\"lazy\" decoding=\"async\" src=\"https:\/\/migracao.redenoticia.com.br\/noticia\/imagens\/elas-por-elas-resumo-elenco-globo.jpg\" alt=\"\" width=\"1280\" height=\"720\" class=\"aligncenter size-full wp-image-237222\" srcset=\"https:\/\/migracao.redenoticia.com.br\/noticia\/imagens\/elas-por-elas-resumo-elenco-globo.jpg 1280w, https:\/\/migracao.redenoticia.com.br\/noticia\/imagens\/elas-por-elas-resumo-elenco-globo-250x140.jpg 250w, https:\/\/migracao.redenoticia.com.br\/noticia\/imagens\/elas-por-elas-resumo-elenco-globo-400x225.jpg 400w, https:\/\/migracao.redenoticia.com.br\/noticia\/imagens\/elas-por-elas-resumo-elenco-globo-768x432.jpg 768w, https:\/\/migracao.redenoticia.com.br\/noticia\/imagens\/elas-por-elas-resumo-elenco-globo-150x84.jpg 150w\" sizes=\"auto, (max-width: 1280px) 100vw, 1280px\" \/><\/p>\n<p><strong><em>Resumo da novela &#8220;Elas por Elas&#8221;<\/em><\/strong> em 10\/04: no cap\u00edtulo 169(*) da novela, a liberdade de Ta\u00eds (K\u00e9sia) est\u00e1 nas m\u00e3os de uma pessoa: Vilma (Vietia Zangrandi). A secret\u00e1ria de Roberto (C\u00e1ssio Gabus Mende) \u00e9 a \u00fanica prova de que o advogado arquitetou um plano para culpar a modelo pela morte de \u00c1tila (S\u00e9rgio Guiz\u00e9). Ele, que \u00e9 o verdadeiro assassino, inventar\u00e1 durante a audi\u00eancia que o crime foi motivado por um \u201cconflito financeiro\u201d. E ir\u00e1 garantir a todos que quando o s\u00f3cio morreu ele estava ao lado de Vilma. \u201cO \u00c1tila estava disposto a dar um bom dinheiro pra Ta\u00eds p\u00f4r um fim \u00e0 gravidez, e marcou um encontro pra falar disso naquele fat\u00eddico dia\u201d, mentir\u00e1 ele, em pleno tribunal. \u201cO senhor esteve com seu s\u00f3cio naquela ocasi\u00e3o?\u201d, vai perguntar o promotor. \u201cInfelizmente, n\u00e3o. O \u00c1tila me mandou uma mensagem, antes do encontro, mas eu estava ocupado, n\u00e3o pude ir. Minha secret\u00e1ria Vilma Flinn estava comigo, ela pode confirmar tudo\u201d, dir\u00e1 Roberto, certo de que ter\u00e1 sua palavra confirmada. <\/p>\n<p>Enquanto isso, M\u00e1rio Fofoca (L\u00e1zaro Ramos) tamb\u00e9m vai estar na correria para salvar a irm\u00e3 de uma injusti\u00e7a. Ele conseguir\u00e1 localizar Vilma e vai tentar convenc\u00ea-la a ir \u00e0 audi\u00eancia, j\u00e1 que agora ela sabe o qu\u00e3o perigoso o chefe pode ser. \u201cEu n\u00e3o posso fazer nada\u201d, responder\u00e1 a secret\u00e1ria, aflita. \u201cPode, fala a verdade: que o Roberto n\u00e3o estava com voc\u00ea no dia da morte do \u00c1tila. Voc\u00ea vai deixar a Ta\u00eds ter o filho na cadeia?\u201d Lara (Deborah Secco) ir\u00e1 tirar uma carta da manga e convocar\u00e1 uma testemunha que deixar\u00e1 bandido para l\u00e1 de nervoso: Petr\u00facio (Jonas Bloch), o pai do advogado. Ele contar\u00e1 que o filho chegou a cursar alguns per\u00edodos de Farm\u00e1cia e ainda ir\u00e1 provar que a m\u00e3e de Roberto foi morta pelo mesmo veneno que matou \u00c1tila. Mas se Roberto acha que seus motivos para temer uma virada no jogo acabaram, est\u00e1 enganado, pois ainda ser\u00e1 surpreendido. \u201cVilma Flinn, a senhora foi secret\u00e1ria de Roberto Bastos por anos, e deixou o escrit\u00f3rio recentemente\u201d, come\u00e7ar\u00e1 Lara. \u201cA senhora confirma a vers\u00e3o de que estava com o seu chefe, Roberto Bastos, no dia da morte de \u00c1tila Pompeu?\u201d \u201cN\u00e3o. Eu n\u00e3o estava com o Roberto naquele dia\u201d, admitir\u00e1 ela, fazendo toda a mentira do ex-chefe desmoronar.<\/p>\n<p>(*) edi\u00e7\u00e3o das novelas da Globo, &#8220;Elas por Elas&#8221;, sujeito a altera\u00e7\u00e3o de data e conte\u00fado.<\/p>\n<p>Sinopse \u201cElas por Elas\u201d: A trama \u00e9 centrada na hist\u00f3ria de sete amigas dos tempos de col\u00e9gio que n\u00e3o se veem h\u00e1 vinte anos. A mais velha do grupo encontra uma foto das amigas e uma onda de lembran\u00e7as e saudosismo invade sua cabe\u00e7a. Com vontade de reencontr\u00e1-las, ela decide localizar uma por uma e promove uma reuni\u00e3o em sua casa. Todas comparecem ao evento, felizes com o reencontro. No entanto, as lembran\u00e7as do passado e coincid\u00eancias do presente v\u00eam \u00e0 tona, afetando novamente a vida de todas do grupo.<\/p>\n","protected":false},"excerpt":{"rendered":"<p>Resumo da novela &#8220;Elas por Elas&#8221; em 10\/04: no cap\u00edtulo 169(*) da novela, a liberdade de Ta\u00eds (K\u00e9sia) est\u00e1 nas m\u00e3os de uma pessoa: Vilma (Vietia Zangrandi). A secret\u00e1ria de Roberto (C\u00e1ssio Gabus Mende) \u00e9 a \u00fanica prova de que o advogado arquitetou um plano para culpar a modelo pela morte de \u00c1tila (S\u00e9rgio Guiz\u00e9). [&hellip;]<\/p>\n","protected":false},"author":4,"featured_media":237222,"comment_status":"closed","ping_status":"closed","sticky":false,"template":"","format":"standard","meta":{"tdm_status":"","tdm_grid_status":"","footnotes":""},"categories":[2318,379,375,2025,343],"tags":[441],"class_list":{"0":"post-243766","1":"post","2":"type-post","3":"status-publish","4":"format-standard","5":"has-post-thumbnail","7":"category-elas-por-elas","8":"category-novelas","9":"category-rede-globo","10":"category-resumo","11":"category-televisao","12":"tag-resumo-do-dia"},"_links":{"self":[{"href":"https:\/\/migracao.redenoticia.com.br\/noticia\/wp-json\/wp\/v2\/posts\/243766","targetHints":{"allow":["GET"]}}],"collection":[{"href":"https:\/\/migracao.redenoticia.com.br\/noticia\/wp-json\/wp\/v2\/posts"}],"about":[{"href":"https:\/\/migracao.redenoticia.com.br\/noticia\/wp-json\/wp\/v2\/types\/post"}],"author":[{"embeddable":true,"href":"https:\/\/migracao.redenoticia.com.br\/noticia\/wp-json\/wp\/v2\/users\/4"}],"replies":[{"embeddable":true,"href":"https:\/\/migracao.redenoticia.com.br\/noticia\/wp-json\/wp\/v2\/comments?post=243766"}],"version-history":[{"count":0,"href":"https:\/\/migracao.redenoticia.com.br\/noticia\/wp-json\/wp\/v2\/posts\/243766\/revisions"}],"wp:featuredmedia":[{"embeddable":true,"href":"https:\/\/migracao.redenoticia.com.br\/noticia\/wp-json\/wp\/v2\/media\/237222"}],"wp:attachment":[{"href":"https:\/\/migracao.redenoticia.com.br\/noticia\/wp-json\/wp\/v2\/media?parent=243766"}],"wp:term":[{"taxonomy":"category","embeddable":true,"href":"https:\/\/migracao.redenoticia.com.br\/noticia\/wp-json\/wp\/v2\/categories?post=243766"},{"taxonomy":"post_tag","embeddable":true,"href":"https:\/\/migracao.redenoticia.com.br\/noticia\/wp-json\/wp\/v2\/tags?post=243766"}],"curies":[{"name":"wp","href":"https:\/\/api.w.org\/{rel}","templated":true}]}}