{"id":243801,"date":"2024-04-10T19:02:25","date_gmt":"2024-04-10T22:02:25","guid":{"rendered":"https:\/\/www.redenoticia.com.br\/noticia\/?p=243801"},"modified":"2024-04-10T19:02:25","modified_gmt":"2024-04-10T22:02:25","slug":"resumo-elas-por-elas-11-04-tais-sente-as-contracoes","status":"publish","type":"post","link":"https:\/\/migracao.redenoticia.com.br\/noticia\/2024\/resumo-elas-por-elas-11-04-tais-sente-as-contracoes\/243801","title":{"rendered":"Resumo &#8220;Elas por Elas&#8221; 11\/04: Ta\u00eds sente as contra\u00e7\u00f5es"},"content":{"rendered":"<p> <img loading=\"lazy\" decoding=\"async\" src=\"https:\/\/migracao.redenoticia.com.br\/noticia\/imagens\/elas-por-elas-resumo-elenco-globo.jpg\" alt=\"\" width=\"1280\" height=\"720\" class=\"aligncenter size-full wp-image-237222\" srcset=\"https:\/\/migracao.redenoticia.com.br\/noticia\/imagens\/elas-por-elas-resumo-elenco-globo.jpg 1280w, https:\/\/migracao.redenoticia.com.br\/noticia\/imagens\/elas-por-elas-resumo-elenco-globo-250x140.jpg 250w, https:\/\/migracao.redenoticia.com.br\/noticia\/imagens\/elas-por-elas-resumo-elenco-globo-400x225.jpg 400w, https:\/\/migracao.redenoticia.com.br\/noticia\/imagens\/elas-por-elas-resumo-elenco-globo-768x432.jpg 768w, https:\/\/migracao.redenoticia.com.br\/noticia\/imagens\/elas-por-elas-resumo-elenco-globo-150x84.jpg 150w\" sizes=\"auto, (max-width: 1280px) 100vw, 1280px\" \/><\/p>\n<p><strong><em>Resumo da novela &#8220;Elas por Elas&#8221;<\/em><\/strong> em 11\/04: no cap\u00edtulo 170(*) da novela, Vilma (Vietia Zangrandi) contou que prestou um depoimento falso no primeiro testemunho e que o chefe n\u00e3o estava com ela no dia em que s\u00f3cio morreu. \u201cIngrata! Traidora! Eu devia ter me livrado\u201d, ir\u00e1 murmurar ele. O juiz ficar\u00e1 furioso ao ver que Roberto est\u00e1 na plateia; neste momento, ser\u00e1 abordado por um agente federal que o levar\u00e1 preso por corrup\u00e7\u00e3o, fazendo com que todos os presentes comemorem. <\/p>\n<p>Ta\u00eds ser\u00e1 convocada a depor e responder\u00e1 todas as perguntas de Lara (Deborah Secco), que est\u00e1 fazendo sua defesa. Contar\u00e1 sobre sua rela\u00e7\u00e3o com \u00c1tila que resultou na gravidez, como foi enganada e de que Roberto armou toda aquele esquema para incrimin\u00e1-la. Diante das provas, o juiz ir\u00e1 consider\u00e1-la inocente. Enquanto todos comemoram, ainda no tribunal, Ta\u00eds come\u00e7ar\u00e1 a sentir as contra\u00e7\u00f5es. Na maternidade, ao lado de Pedro na sala de parto, a modelo dar\u00e1 \u00e0 luz a um menino e ir\u00e1 reiterar ao marido que, apesar dos la\u00e7os sangu\u00edneos com \u00c1tila, o filho ser\u00e1 do casal.<\/p>\n<p>(*) edi\u00e7\u00e3o das novelas da Globo, &#8220;Elas por Elas&#8221;, sujeito a altera\u00e7\u00e3o de data e conte\u00fado.<\/p>\n<p>Sinopse \u201cElas por Elas\u201d: A trama \u00e9 centrada na hist\u00f3ria de sete amigas dos tempos de col\u00e9gio que n\u00e3o se veem h\u00e1 vinte anos. A mais velha do grupo encontra uma foto das amigas e uma onda de lembran\u00e7as e saudosismo invade sua cabe\u00e7a. Com vontade de reencontr\u00e1-las, ela decide localizar uma por uma e promove uma reuni\u00e3o em sua casa. Todas comparecem ao evento, felizes com o reencontro. No entanto, as lembran\u00e7as do passado e coincid\u00eancias do presente v\u00eam \u00e0 tona, afetando novamente a vida de todas do grupo.<\/p>\n","protected":false},"excerpt":{"rendered":"<p>Resumo da novela &#8220;Elas por Elas&#8221; em 11\/04: no cap\u00edtulo 170(*) da novela, Vilma (Vietia Zangrandi) contou que prestou um depoimento falso no primeiro testemunho e que o chefe n\u00e3o estava com ela no dia em que s\u00f3cio morreu. \u201cIngrata! Traidora! Eu devia ter me livrado\u201d, ir\u00e1 murmurar ele. O juiz ficar\u00e1 furioso ao ver [&hellip;]<\/p>\n","protected":false},"author":2,"featured_media":237224,"comment_status":"closed","ping_status":"closed","sticky":false,"template":"","format":"standard","meta":{"tdm_status":"","tdm_grid_status":"","footnotes":""},"categories":[2318,379,375,2025,343],"tags":[441],"class_list":{"0":"post-243801","1":"post","2":"type-post","3":"status-publish","4":"format-standard","5":"has-post-thumbnail","7":"category-elas-por-elas","8":"category-novelas","9":"category-rede-globo","10":"category-resumo","11":"category-televisao","12":"tag-resumo-do-dia"},"_links":{"self":[{"href":"https:\/\/migracao.redenoticia.com.br\/noticia\/wp-json\/wp\/v2\/posts\/243801","targetHints":{"allow":["GET"]}}],"collection":[{"href":"https:\/\/migracao.redenoticia.com.br\/noticia\/wp-json\/wp\/v2\/posts"}],"about":[{"href":"https:\/\/migracao.redenoticia.com.br\/noticia\/wp-json\/wp\/v2\/types\/post"}],"author":[{"embeddable":true,"href":"https:\/\/migracao.redenoticia.com.br\/noticia\/wp-json\/wp\/v2\/users\/2"}],"replies":[{"embeddable":true,"href":"https:\/\/migracao.redenoticia.com.br\/noticia\/wp-json\/wp\/v2\/comments?post=243801"}],"version-history":[{"count":0,"href":"https:\/\/migracao.redenoticia.com.br\/noticia\/wp-json\/wp\/v2\/posts\/243801\/revisions"}],"wp:featuredmedia":[{"embeddable":true,"href":"https:\/\/migracao.redenoticia.com.br\/noticia\/wp-json\/wp\/v2\/media\/237224"}],"wp:attachment":[{"href":"https:\/\/migracao.redenoticia.com.br\/noticia\/wp-json\/wp\/v2\/media?parent=243801"}],"wp:term":[{"taxonomy":"category","embeddable":true,"href":"https:\/\/migracao.redenoticia.com.br\/noticia\/wp-json\/wp\/v2\/categories?post=243801"},{"taxonomy":"post_tag","embeddable":true,"href":"https:\/\/migracao.redenoticia.com.br\/noticia\/wp-json\/wp\/v2\/tags?post=243801"}],"curies":[{"name":"wp","href":"https:\/\/api.w.org\/{rel}","templated":true}]}}