{"id":243941,"date":"2024-04-16T12:38:09","date_gmt":"2024-04-16T15:38:09","guid":{"rendered":"https:\/\/www.redenoticia.com.br\/noticia\/?p=243941"},"modified":"2024-04-16T12:38:09","modified_gmt":"2024-04-16T15:38:09","slug":"resumo-minha-fortuna-e-te-amar-17-04-olga-reaparece-num-centro-de-saude-em-coma","status":"publish","type":"post","link":"https:\/\/migracao.redenoticia.com.br\/noticia\/2024\/resumo-minha-fortuna-e-te-amar-17-04-olga-reaparece-num-centro-de-saude-em-coma\/243941","title":{"rendered":"Resumo \u201cMinha Fortuna \u00e9 Te Amar\u201d 17\/04: Olga reaparece num Centro de Sa\u00fade em coma"},"content":{"rendered":"<p> <img loading=\"lazy\" decoding=\"async\" src=\"https:\/\/migracao.redenoticia.com.br\/noticia\/imagens\/minha-fortuna-e-te-amar-sbt-resumo-elenco.jpg\" alt=\"\" width=\"1280\" height=\"720\" class=\"aligncenter size-full wp-image-240072\" srcset=\"https:\/\/migracao.redenoticia.com.br\/noticia\/imagens\/minha-fortuna-e-te-amar-sbt-resumo-elenco.jpg 1280w, https:\/\/migracao.redenoticia.com.br\/noticia\/imagens\/minha-fortuna-e-te-amar-sbt-resumo-elenco-250x140.jpg 250w, https:\/\/migracao.redenoticia.com.br\/noticia\/imagens\/minha-fortuna-e-te-amar-sbt-resumo-elenco-400x225.jpg 400w, https:\/\/migracao.redenoticia.com.br\/noticia\/imagens\/minha-fortuna-e-te-amar-sbt-resumo-elenco-768x432.jpg 768w, https:\/\/migracao.redenoticia.com.br\/noticia\/imagens\/minha-fortuna-e-te-amar-sbt-resumo-elenco-150x85.jpg 150w\" sizes=\"auto, (max-width: 1280px) 100vw, 1280px\" \/> <\/p>\n<p><strong><em>Resumo da novela \u201cMinha Fortuna \u00e9 Te Amar\u201d<\/em><\/strong> em 17\/04: no cap\u00edtulo 095(*) da novela, Mario quer uma vida com Valentina, ela admite que tamb\u00e9m quer, mas na pens\u00e3o. Vicente prop\u00f5e a Nat\u00e1lia reconstruir a sua vida, agora que ambos est\u00e3o livres. Nat\u00e1lia aceita morar ao lado de Vicente, mas primeiro precisa desmascarar Adriano. M\u00e1rio tenta convencer Valentina de que o melhor para os dois \u00e9 morarem juntos no apartamento dela, mas ela se op\u00f5e porque n\u00e3o pretende sair do bairro. Vendo que os planos dos dois s\u00e3o completamente diferentes, M\u00e1rio decide romper o relacionamento com a Vale. <\/p>\n<p>Pepe retoma as aulas na escola e quer que Regi volte para o seu lado. Adriano confronta Nat\u00e1lia para perguntar o que acontecer\u00e1 com o relacionamento deles, por\u00e9m, Adriano visita Ver\u00f3nica para confirmar que seus planos de tirar o dinheiro de Nat\u00e1lia ainda est\u00e3o de p\u00e9. Nat\u00e1lia instala um v\u00edrus no computador de Adriano para que a pol\u00edcia tenha acesso aos documentos do marido, mas tudo se complica quando Cant\u00fa aparece em casa. Ver\u00f3nica visita Vicente para tentar descobrir o que aconteceu com Olga. <\/p>\n<p>Nat\u00e1lia consegue convencer Adriano de que ela s\u00f3 usava o computador para aprender receitas. Tere explica a Juli\u00e1n que n\u00e3o poder\u00e1 continuar ao seu lado porque quer apoiar o marido na reabilita\u00e7\u00e3o do alcoolismo. Meses depois, Nat\u00e1lia e Vicente preparam a casa para morar. Ap\u00f3s v\u00e1rios meses de aus\u00eancia, Olga reaparece num Centro de Sa\u00fade Comunit\u00e1rio e em coma.<\/p>\n<p>(*) edi\u00e7\u00e3o das novelas do SBT, \u201cMinha Fortuna \u00e9 Te Amar\u201d, sujeito a altera\u00e7\u00e3o de data e conte\u00fado.<\/p>\n<p>Sinopse \u201cMinha Fortuna \u00e9 Te Amar\u201d: Adri\u00e1n e Ver\u00f3nica tra\u00e7aram um plano para fugir depois de terem enganado os clientes da imobili\u00e1ria onde s\u00e3o ambos s\u00f3cios, juntamente com Mario, namorado de Ver\u00f3nica. Adri\u00e1n deixa Natalia, sua esposa, falida. Natalia, em meio a sua situa\u00e7\u00e3o, decide seguir em frente para criar as filhas Andrea e Regina.<\/p>\n<p>Por outro lado, Vicente Ram\u00edrez sofre a perda de sua esposa Luc\u00eda, que \u00e9 morta em um assalto. O filho de Vicente, Benjam\u00edn sofre o trauma que o deixa sem fala. Vicente \u00e9 v\u00edtima de fraude pela imobili\u00e1ria de Adri\u00e1n. A vida de Nat\u00e1lia e Vicente se confunde quando ele chega \u00e0 imobili\u00e1ria para reclamar o dinheiro que lhe foi roubado.<\/p>\n","protected":false},"excerpt":{"rendered":"<p>Resumo da novela \u201cMinha Fortuna \u00e9 Te Amar\u201d em 17\/04: no cap\u00edtulo 095(*) da novela, Mario quer uma vida com Valentina, ela admite que tamb\u00e9m quer, mas na pens\u00e3o. Vicente prop\u00f5e a Nat\u00e1lia reconstruir a sua vida, agora que ambos est\u00e3o livres. Nat\u00e1lia aceita morar ao lado de Vicente, mas primeiro precisa desmascarar Adriano. M\u00e1rio [&hellip;]<\/p>\n","protected":false},"author":2,"featured_media":240073,"comment_status":"closed","ping_status":"closed","sticky":false,"template":"","format":"standard","meta":{"tdm_status":"","tdm_grid_status":"","footnotes":""},"categories":[2320,379,2025,372,343],"tags":[441],"class_list":{"0":"post-243941","1":"post","2":"type-post","3":"status-publish","4":"format-standard","5":"has-post-thumbnail","7":"category-minha-fortuna-e-te-amar","8":"category-novelas","9":"category-resumo","10":"category-sbt","11":"category-televisao","12":"tag-resumo-do-dia"},"_links":{"self":[{"href":"https:\/\/migracao.redenoticia.com.br\/noticia\/wp-json\/wp\/v2\/posts\/243941","targetHints":{"allow":["GET"]}}],"collection":[{"href":"https:\/\/migracao.redenoticia.com.br\/noticia\/wp-json\/wp\/v2\/posts"}],"about":[{"href":"https:\/\/migracao.redenoticia.com.br\/noticia\/wp-json\/wp\/v2\/types\/post"}],"author":[{"embeddable":true,"href":"https:\/\/migracao.redenoticia.com.br\/noticia\/wp-json\/wp\/v2\/users\/2"}],"replies":[{"embeddable":true,"href":"https:\/\/migracao.redenoticia.com.br\/noticia\/wp-json\/wp\/v2\/comments?post=243941"}],"version-history":[{"count":0,"href":"https:\/\/migracao.redenoticia.com.br\/noticia\/wp-json\/wp\/v2\/posts\/243941\/revisions"}],"wp:featuredmedia":[{"embeddable":true,"href":"https:\/\/migracao.redenoticia.com.br\/noticia\/wp-json\/wp\/v2\/media\/240073"}],"wp:attachment":[{"href":"https:\/\/migracao.redenoticia.com.br\/noticia\/wp-json\/wp\/v2\/media?parent=243941"}],"wp:term":[{"taxonomy":"category","embeddable":true,"href":"https:\/\/migracao.redenoticia.com.br\/noticia\/wp-json\/wp\/v2\/categories?post=243941"},{"taxonomy":"post_tag","embeddable":true,"href":"https:\/\/migracao.redenoticia.com.br\/noticia\/wp-json\/wp\/v2\/tags?post=243941"}],"curies":[{"name":"wp","href":"https:\/\/api.w.org\/{rel}","templated":true}]}}