{"id":243981,"date":"2024-04-18T13:31:30","date_gmt":"2024-04-18T16:31:30","guid":{"rendered":"https:\/\/www.redenoticia.com.br\/noticia\/?p=243981"},"modified":"2024-04-20T19:57:25","modified_gmt":"2024-04-20T22:57:25","slug":"resumo-renascer-22-04-o-velorio-de-venancio","status":"publish","type":"post","link":"https:\/\/migracao.redenoticia.com.br\/noticia\/2024\/resumo-renascer-22-04-o-velorio-de-venancio\/243981","title":{"rendered":"Resumo &#8220;Renascer&#8221; 22\/04: O vel\u00f3rio de Ven\u00e2ncio"},"content":{"rendered":"<p> <img loading=\"lazy\" decoding=\"async\" src=\"https:\/\/migracao.redenoticia.com.br\/noticia\/imagens\/renascer-resumo-capitulos-hoje.jpg\" alt=\"\" width=\"1280\" height=\"720\" class=\"aligncenter size-full wp-image-241929\" srcset=\"https:\/\/migracao.redenoticia.com.br\/noticia\/imagens\/renascer-resumo-capitulos-hoje.jpg 1280w, https:\/\/migracao.redenoticia.com.br\/noticia\/imagens\/renascer-resumo-capitulos-hoje-250x140.jpg 250w, https:\/\/migracao.redenoticia.com.br\/noticia\/imagens\/renascer-resumo-capitulos-hoje-400x225.jpg 400w, https:\/\/migracao.redenoticia.com.br\/noticia\/imagens\/renascer-resumo-capitulos-hoje-768x432.jpg 768w, https:\/\/migracao.redenoticia.com.br\/noticia\/imagens\/renascer-resumo-capitulos-hoje-150x85.jpg 150w\" sizes=\"auto, (max-width: 1280px) 100vw, 1280px\" \/><\/p>\n<p><strong><em>Resumo da novela &#8220;Renascer&#8221;<\/em><\/strong> em 22\/04: no cap\u00edtulo 078(*) da novela, Jos\u00e9 Inoc\u00eancio diz a Ven\u00e2ncio que deseja os filhos morando com ele na fazenda. Augusto aconselha Ven\u00e2ncio a contar ao pai a verdade sobre Teca. Eg\u00eddio fica de tocaia na estrada e atira contra o carro de Jo\u00e3o Pedro, que perde o controle.  Jos\u00e9 Ven\u00e2ncio, que est\u00e1 no banco do carona, \u00e9 atingido. Eg\u00eddio enterra a arma usada na sepultura de Firmino.  Jos\u00e9 Inoc\u00eancio pressente algo ruim e sai a cavalo pela estrada. Jo\u00e3o Pedro carrega o irm\u00e3o ferido at\u00e9 a casa de Morena. Jos\u00e9 Ven\u00e2ncio delira e est\u00e1 muito ferido. Z\u00e9 Augusto \u00e9 chamado e atesta a morte do irm\u00e3o. Jo\u00e3o Pedro sente-se culpado pela trag\u00e9dia e \u00e9 consolado por Morena, Deocleciano e Zinha. Deocleciano d\u00e1 a not\u00edcia da morte de Jos\u00e9 Ven\u00e2ncio para Inoc\u00eancio.<\/p>\n<p> O vel\u00f3rio de Ven\u00e2ncio acontece na fazenda Jequitib\u00e1-Rei. Pastor L\u00edvio discursa e emociona a todos, inconformados com a morte do publicit\u00e1rio.  Dami\u00e3o se coloca \u00e0 disposi\u00e7\u00e3o de Jos\u00e9 Inoc\u00eancio para vingar a morte de seu filho. Jo\u00e3o Pedro demonstra a Zinha seu desejo de vingan\u00e7a. Padre L\u00edvio avisa a Eg\u00eddio que h\u00e1 quem diga que o coronel esteja por tr\u00e1s do assassinato de Ven\u00e2ncio. Buba passa mal ao saber da morte de Ven\u00e2ncio. Kika avisa a Eliana que ela est\u00e1 vi\u00fava. Augusto pede a Buba para n\u00e3o contar a verdade ao pai neste momento. Mariana cobre Jos\u00e9 Inoc\u00eancio com a manta de Maria Santa. Maria Santa aparece para Jos\u00e9 Inoc\u00eancio dizendo que Jos\u00e9 Ven\u00e2ncio est\u00e1 bem. Jos\u00e9 Inoc\u00eancio deixa claro a Jo\u00e3o Pedro que o assunto com Eg\u00eddio \u00e9 seu. Eliana avisa a Eriberto que a \u00fanica coisa que ela faz quest\u00e3o \u00e9 sua parte da fazenda. Jos\u00e9 Inoc\u00eancio avisa a Jo\u00e3o Pedro e Bento que quer que os filhos amparem Buba no que ela precisar. Rachid conta a Jos\u00e9 Inoc\u00eancio que ateou fogo \u00e0 carta que Marianinha escreveu para a irm\u00e3. Ao ver o filho retornar sozinho \u00e0 fazenda, Jos\u00e9 Inoc\u00eancio pergunta a Augusto onde est\u00e1 Buba.<\/p>\n<p>(*) edi\u00e7\u00e3o das novelas da Globo, &#8220;Renascer&#8221;, sujeito a altera\u00e7\u00e3o de data e conte\u00fado.<\/p>\n<p>Sinopse &#8220;Renascer&#8221;: Jos\u00e9 Inoc\u00eancio chegou na zona cacaueira de Ilh\u00e9us, na Bahia, e fincou um fac\u00e3o aos p\u00e9s de um frondoso jequitib\u00e1. Este gesto passa a ser o s\u00edmbolo de sua coragem e do sonho de se tornar eterno. Apaixona-se ap\u00f3s o boi-bumb\u00e1 passar por sua fazenda, casa-se com Maria Santa e torna-se pai de quatro filhos: Jos\u00e9 Augusto, Jos\u00e9 Bento, Jos\u00e9 Ven\u00e2ncio e Jo\u00e3o Pedro, o ca\u00e7ula, cujo nascimento \u00e9 acompanhado da morte da m\u00e3e, por complica\u00e7\u00f5es durante o parto.<\/p>\n<p>O fato faz com que Z\u00e9 Inoc\u00eancio desenvolva um relacionamento de \u00f3dio com o filho. Essa desaven\u00e7a \u00e9 que conduz todas as tramas da hist\u00f3ria. Elas se aceleram quando Inoc\u00eancio, j\u00e1 cinquent\u00e3o, conquista e casa-se com a namorada de Jo\u00e3o Pedro, a jovem Mariana. Esta \u00e9 neta do seu maior desafeto no passado, Belarmino, assassinado de forma misteriosa, com as suspeitas recaindo sobre o pr\u00f3prio Inoc\u00eancio.<\/p>\n","protected":false},"excerpt":{"rendered":"<p>Resumo da novela &#8220;Renascer&#8221; em 22\/04: no cap\u00edtulo 078(*) da novela, Jos\u00e9 Inoc\u00eancio diz a Ven\u00e2ncio que deseja os filhos morando com ele na fazenda. Augusto aconselha Ven\u00e2ncio a contar ao pai a verdade sobre Teca. Eg\u00eddio fica de tocaia na estrada e atira contra o carro de Jo\u00e3o Pedro, que perde o controle. Jos\u00e9 [&hellip;]<\/p>\n","protected":false},"author":2,"featured_media":241527,"comment_status":"closed","ping_status":"closed","sticky":false,"template":"","format":"standard","meta":{"tdm_status":"","tdm_grid_status":"","footnotes":""},"categories":[379,375,2323,2025,343],"tags":[441],"class_list":{"0":"post-243981","1":"post","2":"type-post","3":"status-publish","4":"format-standard","5":"has-post-thumbnail","7":"category-novelas","8":"category-rede-globo","9":"category-renascer","10":"category-resumo","11":"category-televisao","12":"tag-resumo-do-dia"},"_links":{"self":[{"href":"https:\/\/migracao.redenoticia.com.br\/noticia\/wp-json\/wp\/v2\/posts\/243981","targetHints":{"allow":["GET"]}}],"collection":[{"href":"https:\/\/migracao.redenoticia.com.br\/noticia\/wp-json\/wp\/v2\/posts"}],"about":[{"href":"https:\/\/migracao.redenoticia.com.br\/noticia\/wp-json\/wp\/v2\/types\/post"}],"author":[{"embeddable":true,"href":"https:\/\/migracao.redenoticia.com.br\/noticia\/wp-json\/wp\/v2\/users\/2"}],"replies":[{"embeddable":true,"href":"https:\/\/migracao.redenoticia.com.br\/noticia\/wp-json\/wp\/v2\/comments?post=243981"}],"version-history":[{"count":0,"href":"https:\/\/migracao.redenoticia.com.br\/noticia\/wp-json\/wp\/v2\/posts\/243981\/revisions"}],"wp:featuredmedia":[{"embeddable":true,"href":"https:\/\/migracao.redenoticia.com.br\/noticia\/wp-json\/wp\/v2\/media\/241527"}],"wp:attachment":[{"href":"https:\/\/migracao.redenoticia.com.br\/noticia\/wp-json\/wp\/v2\/media?parent=243981"}],"wp:term":[{"taxonomy":"category","embeddable":true,"href":"https:\/\/migracao.redenoticia.com.br\/noticia\/wp-json\/wp\/v2\/categories?post=243981"},{"taxonomy":"post_tag","embeddable":true,"href":"https:\/\/migracao.redenoticia.com.br\/noticia\/wp-json\/wp\/v2\/tags?post=243981"}],"curies":[{"name":"wp","href":"https:\/\/api.w.org\/{rel}","templated":true}]}}