{"id":244096,"date":"2024-04-22T10:49:01","date_gmt":"2024-04-22T13:49:01","guid":{"rendered":"https:\/\/www.redenoticia.com.br\/noticia\/?p=244096"},"modified":"2024-04-22T10:49:01","modified_gmt":"2024-04-22T13:49:01","slug":"resumo-cheias-de-charme-23-04-fabian-assiste-ao-clipe-das-empreguetes","status":"publish","type":"post","link":"https:\/\/migracao.redenoticia.com.br\/noticia\/2024\/resumo-cheias-de-charme-23-04-fabian-assiste-ao-clipe-das-empreguetes\/244096","title":{"rendered":"Resumo &#8220;Cheias de Charme&#8221; 23\/04: Fabian assiste ao clipe das empreguetes"},"content":{"rendered":"<p> <img loading=\"lazy\" decoding=\"async\" src=\"https:\/\/migracao.redenoticia.com.br\/noticia\/imagens\/cheias-de-charme-resumo-novela.jpg\" alt=\"\" width=\"1280\" height=\"720\" class=\"aligncenter size-full wp-image-243085\" srcset=\"https:\/\/migracao.redenoticia.com.br\/noticia\/imagens\/cheias-de-charme-resumo-novela.jpg 1280w, https:\/\/migracao.redenoticia.com.br\/noticia\/imagens\/cheias-de-charme-resumo-novela-250x140.jpg 250w, https:\/\/migracao.redenoticia.com.br\/noticia\/imagens\/cheias-de-charme-resumo-novela-400x225.jpg 400w, https:\/\/migracao.redenoticia.com.br\/noticia\/imagens\/cheias-de-charme-resumo-novela-768x432.jpg 768w, https:\/\/migracao.redenoticia.com.br\/noticia\/imagens\/cheias-de-charme-resumo-novela-150x85.jpg 150w\" sizes=\"auto, (max-width: 1280px) 100vw, 1280px\" \/> <\/p>\n<p><em><strong>Resumo da novela &#8220;Cheias de Charme&#8221;<\/strong><\/em> em 23\/04: no cap\u00edtulo 038(*) da novela, Elano e Kleiton lan\u00e7am um movimento para libertar Penha, Cida e Ros\u00e1rio. Lygia se queixa do ass\u00e9dio que vem sofrendo desde que o clipe das empreguetes caiu na internet. Sidney entra na casa de Chayene e tenta convenc\u00ea-la a retirar a queixa contra Ros\u00e1rio. Kleiton pede o apoio de Gentil \u00e0 campanha para libertar as empreguetes. Brunessa conta para Rodinei que est\u00e1 gr\u00e1vida e diz que o filho \u00e9 dele. Kleiton sugere a Elano, Sandro, In\u00e1cio e Sidney que eles fa\u00e7am uma manifesta\u00e7\u00e3o em frente \u00e0 casa de cust\u00f3dia. Cida, Penha e Ros\u00e1rio demonstram des\u00e2nimo na cadeia.<\/p>\n<p>Ivone comenta que Brunessa foi expulsa de casa pelo pai e Rodinei fica intrigado. Rodinei e Niltinho grafitam o condom\u00ednio com frases de apoio \u00e0s empreguetes. A m\u00fasica de Ros\u00e1rio toca no programa de r\u00e1dio de Gentil e Chayene ouve. La\u00e9rcio conta para Chayene que est\u00e1 sendo organizada uma manifesta\u00e7\u00e3o pr\u00f3-empreguetes. S\u00f4nia descobre que Lygia aderiu \u00e0 campanha para soltar as tr\u00eas dom\u00e9sticas e conta para Sarmento. Fabian assiste ao clipe das empreguetes. In\u00e1cio visita Ros\u00e1rio na cadeia e a pede em casamento.<\/p>\n<p>(*) edi\u00e7\u00e3o das novelas da Globo, &#8220;Cheias de Charme&#8221;, sujeito a altera\u00e7\u00e3o de data e conte\u00fado.<\/p>\n<p>Sinopse \u201cCheias de Charme\u201d: Penha se apaixona por Gilson. O que ela desconhece \u00e9 que o gal\u00e3 \u00e9 uma antiga paix\u00e3o de juventude de Lygia e o verdadeiro pai de Samuel. Ap\u00f3s conquistar os holofotes, Ros\u00e1rio decide investir em sua carreira como cantora solo. Separada de In\u00e1cio devido a uma arma\u00e7\u00e3o de Fabian e Tom Bastos, ela aceita fazer uma turn\u00ea ao lado do pr\u00edncipe das dom\u00e9sticas, mas Chayene, revoltada com o suposto romance entre o cantor e sua rival, acaba desfigurando o rosto de Fabian ao lhe atirar um prato de sopa quente. <\/p>\n<p>Para n\u00e3o prejudicar os contratos que assinou, Tom Bastos convence In\u00e1cio a se passar por Fabian nos palcos enquanto \u00e9 dublado pelo original. Cida descobre que o ex-patr\u00e3o \u00e9 seu verdadeiro pai. Ernani leva Cida de volta para a mans\u00e3o. Agora \u00e9 ela quem sustenta a casa e d\u00e1 as carta ali, estremecendo o casamento j\u00e1 abalado entre Isadora e Conrado. No entanto, essa reaproxima\u00e7\u00e3o de Cida com os Sarmentos lhe custa o fim de seu namoro com o \u00edntegro advogado Elano.<\/p>\n","protected":false},"excerpt":{"rendered":"<p>Resumo da novela &#8220;Cheias de Charme&#8221; em 23\/04: no cap\u00edtulo 038(*) da novela, Elano e Kleiton lan\u00e7am um movimento para libertar Penha, Cida e Ros\u00e1rio. Lygia se queixa do ass\u00e9dio que vem sofrendo desde que o clipe das empreguetes caiu na internet. Sidney entra na casa de Chayene e tenta convenc\u00ea-la a retirar a queixa [&hellip;]<\/p>\n","protected":false},"author":3,"featured_media":243086,"comment_status":"closed","ping_status":"closed","sticky":false,"template":"","format":"standard","meta":{"tdm_status":"","tdm_grid_status":"","footnotes":""},"categories":[2325,379,375,2025,343],"tags":[441],"class_list":{"0":"post-244096","1":"post","2":"type-post","3":"status-publish","4":"format-standard","5":"has-post-thumbnail","7":"category-cheias-de-charme","8":"category-novelas","9":"category-rede-globo","10":"category-resumo","11":"category-televisao","12":"tag-resumo-do-dia"},"_links":{"self":[{"href":"https:\/\/migracao.redenoticia.com.br\/noticia\/wp-json\/wp\/v2\/posts\/244096","targetHints":{"allow":["GET"]}}],"collection":[{"href":"https:\/\/migracao.redenoticia.com.br\/noticia\/wp-json\/wp\/v2\/posts"}],"about":[{"href":"https:\/\/migracao.redenoticia.com.br\/noticia\/wp-json\/wp\/v2\/types\/post"}],"author":[{"embeddable":true,"href":"https:\/\/migracao.redenoticia.com.br\/noticia\/wp-json\/wp\/v2\/users\/3"}],"replies":[{"embeddable":true,"href":"https:\/\/migracao.redenoticia.com.br\/noticia\/wp-json\/wp\/v2\/comments?post=244096"}],"version-history":[{"count":0,"href":"https:\/\/migracao.redenoticia.com.br\/noticia\/wp-json\/wp\/v2\/posts\/244096\/revisions"}],"wp:featuredmedia":[{"embeddable":true,"href":"https:\/\/migracao.redenoticia.com.br\/noticia\/wp-json\/wp\/v2\/media\/243086"}],"wp:attachment":[{"href":"https:\/\/migracao.redenoticia.com.br\/noticia\/wp-json\/wp\/v2\/media?parent=244096"}],"wp:term":[{"taxonomy":"category","embeddable":true,"href":"https:\/\/migracao.redenoticia.com.br\/noticia\/wp-json\/wp\/v2\/categories?post=244096"},{"taxonomy":"post_tag","embeddable":true,"href":"https:\/\/migracao.redenoticia.com.br\/noticia\/wp-json\/wp\/v2\/tags?post=244096"}],"curies":[{"name":"wp","href":"https:\/\/api.w.org\/{rel}","templated":true}]}}