{"id":244121,"date":"2024-04-23T17:29:25","date_gmt":"2024-04-23T20:29:25","guid":{"rendered":"https:\/\/www.redenoticia.com.br\/noticia\/?p=244121"},"modified":"2024-04-23T17:29:25","modified_gmt":"2024-04-23T20:29:25","slug":"resumo-minha-fortuna-e-te-amar-24-04-constanza-e-presa-por-sequestro-de-menor","status":"publish","type":"post","link":"https:\/\/migracao.redenoticia.com.br\/noticia\/2024\/resumo-minha-fortuna-e-te-amar-24-04-constanza-e-presa-por-sequestro-de-menor\/244121","title":{"rendered":"Resumo \u201cMinha Fortuna \u00e9 Te Amar\u201d 24\/04: Constanza \u00e9 presa por sequestro de menor"},"content":{"rendered":"<p> <img loading=\"lazy\" decoding=\"async\" src=\"https:\/\/migracao.redenoticia.com.br\/noticia\/imagens\/minha-fortuna-e-te-amar-sbt-resumo-elenco.jpg\" alt=\"\" width=\"1280\" height=\"720\" class=\"aligncenter size-full wp-image-240072\" srcset=\"https:\/\/migracao.redenoticia.com.br\/noticia\/imagens\/minha-fortuna-e-te-amar-sbt-resumo-elenco.jpg 1280w, https:\/\/migracao.redenoticia.com.br\/noticia\/imagens\/minha-fortuna-e-te-amar-sbt-resumo-elenco-250x140.jpg 250w, https:\/\/migracao.redenoticia.com.br\/noticia\/imagens\/minha-fortuna-e-te-amar-sbt-resumo-elenco-400x225.jpg 400w, https:\/\/migracao.redenoticia.com.br\/noticia\/imagens\/minha-fortuna-e-te-amar-sbt-resumo-elenco-768x432.jpg 768w, https:\/\/migracao.redenoticia.com.br\/noticia\/imagens\/minha-fortuna-e-te-amar-sbt-resumo-elenco-150x85.jpg 150w\" sizes=\"auto, (max-width: 1280px) 100vw, 1280px\" \/> <\/p>\n<p><strong><em>Resumo da novela \u201cMinha Fortuna \u00e9 Te Amar\u201d<\/em><\/strong> em 24\/04: no cap\u00edtulo 100(*) da novela, A pol\u00edcia chega para buscar El\u00edas Haddad, mas ele faz Nat\u00e1lia como ref\u00e9m. Ver\u00f3nica pretende surpreender Adriano provocando um encontro com Andrea. Vicente est\u00e1 disposto a salvar Nat\u00e1lia de El\u00edas e se oferece como ref\u00e9m. Cl\u00e1udio, tendo reconhecido e superado seu problema de alcoolismo, come\u00e7a a se reconciliar com Teresa. Por\u00e9m, ele logo descobre que j\u00e1 est\u00e1 muito doente de tantos anos de alcoolismo e logo depois morre por complica\u00e7\u00f5es de uma opera\u00e7\u00e3o. Olga coloca um colete anti-bomba em Benjam\u00edn. El\u00edas consegue escapar de Vicente e tenta fugir do pa\u00eds. Vicente descobre a localiza\u00e7\u00e3o do filho de Andrea, mas descobre que Constanza est\u00e1 viva.<\/p>\n<p>Andrea fica terrivelmente decepcionada ao encontrar o pai na cama de Ver\u00f3nica. El\u00edas tenta fugir da pol\u00edcia e atira em M\u00e1rio, mas Omar atrapalha e leva um tiro. Sem saber que usava colete \u00e0 prova de balas, El\u00edas acredita que matou o filho e decide tirar a pr\u00f3pria vida. A pol\u00edcia chega ao local onde Constanza est\u00e1 e posteriormente ela \u00e9 presa por sequestrar um menor. Olga mant\u00e9m Benjamin sequestrado e garante que vai acabar com a vida dele, assim como fez com o filho. Nat\u00e1lia e Vicente chegam para salvar Benja, mas ficam surpresos ao v\u00ea-lo com um colete cheio de explosivos.<\/p>\n<p>(*) edi\u00e7\u00e3o das novelas do SBT, \u201cMinha Fortuna \u00e9 Te Amar\u201d, sujeito a altera\u00e7\u00e3o de data e conte\u00fado.<\/p>\n<p>Sinopse \u201cMinha Fortuna \u00e9 Te Amar\u201d: Adri\u00e1n e Ver\u00f3nica tra\u00e7aram um plano para fugir depois de terem enganado os clientes da imobili\u00e1ria onde s\u00e3o ambos s\u00f3cios, juntamente com Mario, namorado de Ver\u00f3nica. Adri\u00e1n deixa Natalia, sua esposa, falida. Natalia, em meio a sua situa\u00e7\u00e3o, decide seguir em frente para criar as filhas Andrea e Regina.<\/p>\n<p>Por outro lado, Vicente Ram\u00edrez sofre a perda de sua esposa Luc\u00eda, que \u00e9 morta em um assalto. O filho de Vicente, Benjam\u00edn sofre o trauma que o deixa sem fala. Vicente \u00e9 v\u00edtima de fraude pela imobili\u00e1ria de Adri\u00e1n. A vida de Nat\u00e1lia e Vicente se confunde quando ele chega \u00e0 imobili\u00e1ria para reclamar o dinheiro que lhe foi roubado.<\/p>\n","protected":false},"excerpt":{"rendered":"<p>Resumo da novela \u201cMinha Fortuna \u00e9 Te Amar\u201d em 24\/04: no cap\u00edtulo 100(*) da novela, A pol\u00edcia chega para buscar El\u00edas Haddad, mas ele faz Nat\u00e1lia como ref\u00e9m. Ver\u00f3nica pretende surpreender Adriano provocando um encontro com Andrea. Vicente est\u00e1 disposto a salvar Nat\u00e1lia de El\u00edas e se oferece como ref\u00e9m. Cl\u00e1udio, tendo reconhecido e superado [&hellip;]<\/p>\n","protected":false},"author":4,"featured_media":240073,"comment_status":"closed","ping_status":"closed","sticky":false,"template":"","format":"standard","meta":{"tdm_status":"","tdm_grid_status":"","footnotes":""},"categories":[2320,379,2025,372,343],"tags":[441],"class_list":{"0":"post-244121","1":"post","2":"type-post","3":"status-publish","4":"format-standard","5":"has-post-thumbnail","7":"category-minha-fortuna-e-te-amar","8":"category-novelas","9":"category-resumo","10":"category-sbt","11":"category-televisao","12":"tag-resumo-do-dia"},"_links":{"self":[{"href":"https:\/\/migracao.redenoticia.com.br\/noticia\/wp-json\/wp\/v2\/posts\/244121","targetHints":{"allow":["GET"]}}],"collection":[{"href":"https:\/\/migracao.redenoticia.com.br\/noticia\/wp-json\/wp\/v2\/posts"}],"about":[{"href":"https:\/\/migracao.redenoticia.com.br\/noticia\/wp-json\/wp\/v2\/types\/post"}],"author":[{"embeddable":true,"href":"https:\/\/migracao.redenoticia.com.br\/noticia\/wp-json\/wp\/v2\/users\/4"}],"replies":[{"embeddable":true,"href":"https:\/\/migracao.redenoticia.com.br\/noticia\/wp-json\/wp\/v2\/comments?post=244121"}],"version-history":[{"count":0,"href":"https:\/\/migracao.redenoticia.com.br\/noticia\/wp-json\/wp\/v2\/posts\/244121\/revisions"}],"wp:featuredmedia":[{"embeddable":true,"href":"https:\/\/migracao.redenoticia.com.br\/noticia\/wp-json\/wp\/v2\/media\/240073"}],"wp:attachment":[{"href":"https:\/\/migracao.redenoticia.com.br\/noticia\/wp-json\/wp\/v2\/media?parent=244121"}],"wp:term":[{"taxonomy":"category","embeddable":true,"href":"https:\/\/migracao.redenoticia.com.br\/noticia\/wp-json\/wp\/v2\/categories?post=244121"},{"taxonomy":"post_tag","embeddable":true,"href":"https:\/\/migracao.redenoticia.com.br\/noticia\/wp-json\/wp\/v2\/tags?post=244121"}],"curies":[{"name":"wp","href":"https:\/\/api.w.org\/{rel}","templated":true}]}}