{"id":244125,"date":"2024-04-23T17:33:22","date_gmt":"2024-04-23T20:33:22","guid":{"rendered":"https:\/\/www.redenoticia.com.br\/noticia\/?p=244125"},"modified":"2024-04-23T17:33:22","modified_gmt":"2024-04-23T20:33:22","slug":"resumo-cheias-de-charme-24-04-inacio-e-sequestrado-por-marcal","status":"publish","type":"post","link":"https:\/\/migracao.redenoticia.com.br\/noticia\/2024\/resumo-cheias-de-charme-24-04-inacio-e-sequestrado-por-marcal\/244125","title":{"rendered":"Resumo &#8220;Cheias de Charme&#8221; 24\/04: In\u00e1cio \u00e9 sequestrado por Mar\u00e7al"},"content":{"rendered":"<p> <img loading=\"lazy\" decoding=\"async\" src=\"https:\/\/migracao.redenoticia.com.br\/noticia\/imagens\/cheias-de-charme-resumo-novela.jpg\" alt=\"\" width=\"1280\" height=\"720\" class=\"aligncenter size-full wp-image-243085\" srcset=\"https:\/\/migracao.redenoticia.com.br\/noticia\/imagens\/cheias-de-charme-resumo-novela.jpg 1280w, https:\/\/migracao.redenoticia.com.br\/noticia\/imagens\/cheias-de-charme-resumo-novela-250x140.jpg 250w, https:\/\/migracao.redenoticia.com.br\/noticia\/imagens\/cheias-de-charme-resumo-novela-400x225.jpg 400w, https:\/\/migracao.redenoticia.com.br\/noticia\/imagens\/cheias-de-charme-resumo-novela-768x432.jpg 768w, https:\/\/migracao.redenoticia.com.br\/noticia\/imagens\/cheias-de-charme-resumo-novela-150x85.jpg 150w\" sizes=\"auto, (max-width: 1280px) 100vw, 1280px\" \/> <\/p>\n<p><em><strong>Resumo da novela &#8220;Cheias de Charme&#8221;<\/strong><\/em> em 24\/04: no cap\u00edtulo 039(*) da novela, a m\u00fasica de Ros\u00e1rio toca no programa de r\u00e1dio de Gentil e Chayene ouve. La\u00e9rcio conta para Chayene que est\u00e1 sendo organizada uma manifesta\u00e7\u00e3o pr\u00f3-empreguetes. S\u00f4nia descobre que Lygia aderiu \u00e0 campanha para soltar as tr\u00eas dom\u00e9sticas e conta para Sarmento. Fabian assiste ao clipe das empreguetes. In\u00e1cio visita Ros\u00e1rio na cadeia e a pede em casamento. <\/p>\n<p>Ros\u00e1rio aceita o pedido de In\u00e1cio, mas estranha sua pressa em casar. Elano vai ao escrit\u00f3rio de Sarmento falar com Lygia e \u00e9 recebido pela advogada. In\u00e1cio avisa a tia que pediu Ros\u00e1rio em casamento, e a liga\u00e7\u00e3o \u00e9 interceptada por Mar\u00e7al. Sarmento flagra Elano na sala de Lygia e questiona a advogada. Elano tenta negociar um acordo com Sarmento para soltar as tr\u00eas dom\u00e9sticas. In\u00e1cio \u00e9 sequestrado por Mar\u00e7al, e Dinha e Heraldo v\u00e3o atr\u00e1s deles.<\/p>\n<p>S\u00f4nia assiste \u00e0 manifesta\u00e7\u00e3o em favor das empreguetes pela TV e n\u00e3o gosta. Pressionada pelo protesto nas ruas, Chayene concorda em soltar as empreguetes. Rodinei encontra Brunessa e confirma que ela est\u00e1 gr\u00e1vida. Lygia entra na negocia\u00e7\u00e3o com Chayene e consegue fechar um acordo com a cantora. In\u00e1cio \u00e9 dominado por Mar\u00e7al e se desespera. Dinha arma um plano para tirar In\u00e1cio do cativeiro. Elano avisa a Penha, Cida e Ros\u00e1rio que Chayene concordou em retirar a queixa contra elas.<\/p>\n<p>(*) edi\u00e7\u00e3o das novelas da Globo, &#8220;Cheias de Charme&#8221;, sujeito a altera\u00e7\u00e3o de data e conte\u00fado.<\/p>\n<p>Sinopse \u201cCheias de Charme\u201d: Penha se apaixona por Gilson. O que ela desconhece \u00e9 que o gal\u00e3 \u00e9 uma antiga paix\u00e3o de juventude de Lygia e o verdadeiro pai de Samuel. Ap\u00f3s conquistar os holofotes, Ros\u00e1rio decide investir em sua carreira como cantora solo. Separada de In\u00e1cio devido a uma arma\u00e7\u00e3o de Fabian e Tom Bastos, ela aceita fazer uma turn\u00ea ao lado do pr\u00edncipe das dom\u00e9sticas, mas Chayene, revoltada com o suposto romance entre o cantor e sua rival, acaba desfigurando o rosto de Fabian ao lhe atirar um prato de sopa quente. <\/p>\n<p>Para n\u00e3o prejudicar os contratos que assinou, Tom Bastos convence In\u00e1cio a se passar por Fabian nos palcos enquanto \u00e9 dublado pelo original. Cida descobre que o ex-patr\u00e3o \u00e9 seu verdadeiro pai. Ernani leva Cida de volta para a mans\u00e3o. Agora \u00e9 ela quem sustenta a casa e d\u00e1 as carta ali, estremecendo o casamento j\u00e1 abalado entre Isadora e Conrado. No entanto, essa reaproxima\u00e7\u00e3o de Cida com os Sarmentos lhe custa o fim de seu namoro com o \u00edntegro advogado Elano.<\/p>\n","protected":false},"excerpt":{"rendered":"<p>Resumo da novela &#8220;Cheias de Charme&#8221; em 24\/04: no cap\u00edtulo 039(*) da novela, a m\u00fasica de Ros\u00e1rio toca no programa de r\u00e1dio de Gentil e Chayene ouve. La\u00e9rcio conta para Chayene que est\u00e1 sendo organizada uma manifesta\u00e7\u00e3o pr\u00f3-empreguetes. S\u00f4nia descobre que Lygia aderiu \u00e0 campanha para soltar as tr\u00eas dom\u00e9sticas e conta para Sarmento. Fabian [&hellip;]<\/p>\n","protected":false},"author":3,"featured_media":243086,"comment_status":"closed","ping_status":"closed","sticky":false,"template":"","format":"standard","meta":{"tdm_status":"","tdm_grid_status":"","footnotes":""},"categories":[2325,379,375,2025,343],"tags":[441],"class_list":{"0":"post-244125","1":"post","2":"type-post","3":"status-publish","4":"format-standard","5":"has-post-thumbnail","7":"category-cheias-de-charme","8":"category-novelas","9":"category-rede-globo","10":"category-resumo","11":"category-televisao","12":"tag-resumo-do-dia"},"_links":{"self":[{"href":"https:\/\/migracao.redenoticia.com.br\/noticia\/wp-json\/wp\/v2\/posts\/244125","targetHints":{"allow":["GET"]}}],"collection":[{"href":"https:\/\/migracao.redenoticia.com.br\/noticia\/wp-json\/wp\/v2\/posts"}],"about":[{"href":"https:\/\/migracao.redenoticia.com.br\/noticia\/wp-json\/wp\/v2\/types\/post"}],"author":[{"embeddable":true,"href":"https:\/\/migracao.redenoticia.com.br\/noticia\/wp-json\/wp\/v2\/users\/3"}],"replies":[{"embeddable":true,"href":"https:\/\/migracao.redenoticia.com.br\/noticia\/wp-json\/wp\/v2\/comments?post=244125"}],"version-history":[{"count":0,"href":"https:\/\/migracao.redenoticia.com.br\/noticia\/wp-json\/wp\/v2\/posts\/244125\/revisions"}],"wp:featuredmedia":[{"embeddable":true,"href":"https:\/\/migracao.redenoticia.com.br\/noticia\/wp-json\/wp\/v2\/media\/243086"}],"wp:attachment":[{"href":"https:\/\/migracao.redenoticia.com.br\/noticia\/wp-json\/wp\/v2\/media?parent=244125"}],"wp:term":[{"taxonomy":"category","embeddable":true,"href":"https:\/\/migracao.redenoticia.com.br\/noticia\/wp-json\/wp\/v2\/categories?post=244125"},{"taxonomy":"post_tag","embeddable":true,"href":"https:\/\/migracao.redenoticia.com.br\/noticia\/wp-json\/wp\/v2\/tags?post=244125"}],"curies":[{"name":"wp","href":"https:\/\/api.w.org\/{rel}","templated":true}]}}