{"id":244152,"date":"2024-04-24T13:08:31","date_gmt":"2024-04-24T16:08:31","guid":{"rendered":"https:\/\/www.redenoticia.com.br\/noticia\/?p=244152"},"modified":"2024-04-24T13:08:31","modified_gmt":"2024-04-24T16:08:31","slug":"resumo-minha-fortuna-e-te-amar-25-04-omar-e-andrea-conseguem-batizar-o-bebe","status":"publish","type":"post","link":"https:\/\/migracao.redenoticia.com.br\/noticia\/2024\/resumo-minha-fortuna-e-te-amar-25-04-omar-e-andrea-conseguem-batizar-o-bebe\/244152","title":{"rendered":"Resumo \u201cMinha Fortuna \u00e9 Te Amar\u201d 25\/04: Omar e Andrea conseguem batizar o beb\u00ea"},"content":{"rendered":"<p> <img loading=\"lazy\" decoding=\"async\" src=\"https:\/\/migracao.redenoticia.com.br\/noticia\/imagens\/minha-fortuna-e-te-amar-sbt-resumo-elenco.jpg\" alt=\"\" width=\"1280\" height=\"720\" class=\"aligncenter size-full wp-image-240072\" srcset=\"https:\/\/migracao.redenoticia.com.br\/noticia\/imagens\/minha-fortuna-e-te-amar-sbt-resumo-elenco.jpg 1280w, https:\/\/migracao.redenoticia.com.br\/noticia\/imagens\/minha-fortuna-e-te-amar-sbt-resumo-elenco-250x140.jpg 250w, https:\/\/migracao.redenoticia.com.br\/noticia\/imagens\/minha-fortuna-e-te-amar-sbt-resumo-elenco-400x225.jpg 400w, https:\/\/migracao.redenoticia.com.br\/noticia\/imagens\/minha-fortuna-e-te-amar-sbt-resumo-elenco-768x432.jpg 768w, https:\/\/migracao.redenoticia.com.br\/noticia\/imagens\/minha-fortuna-e-te-amar-sbt-resumo-elenco-150x85.jpg 150w\" sizes=\"auto, (max-width: 1280px) 100vw, 1280px\" \/> <\/p>\n<p><strong><em>Resumo da novela \u201cMinha Fortuna \u00e9 Te Amar\u201d<\/em><\/strong> em 25\/04: no cap\u00edtulo 101(*) da novela, Andrea fica terrivelmente decepcionada ao encontrar o pai na cama de Ver\u00f3nica. El\u00edas tenta fugir da pol\u00edcia e atira em M\u00e1rio, mas Omar atrapalha e leva um tiro. Sem saber que usava colete \u00e0 prova de balas, El\u00edas acredita que matou o filho e decide tirar a pr\u00f3pria vida. A pol\u00edcia chega ao local onde Constanza est\u00e1 e posteriormente ela \u00e9 presa por sequestrar um menor. Olga mant\u00e9m Benjamin sequestrado e garante que vai acabar com a vida dele, assim como fez com o filho. Nat\u00e1lia e Vicente chegam para salvar Benja, mas ficam surpresos ao v\u00ea-lo com um colete cheio de explosivos.<\/p>\n<p>Olga, diante de Nat\u00e1lia e Vicente, conta toda a verdade e admite que o filho que esperava era de Adriano. Al\u00e9m disso, est\u00e1 disposta a libertar Benjamin em troca de um beijo de amor de Vicente; O colete anti-bomba de Benjamin \u00e9 desativado gra\u00e7as ao esquadr\u00e3o anti-bomba da pol\u00edcia. Dois dias depois, Omar e Andrea conseguem batizar o beb\u00ea. Teresa visita Constanza que acabou louca e internada em um hospital psiqui\u00e1trico. Olga entra na pris\u00e3o e \u00e9 torturada, sem imaginar que acabaria com a l\u00edngua mutilada pelas demais presidi\u00e1rias. Enquanto Vicente e Nat\u00e1lia tentam passar um dia tranquilo e ap\u00f3s um pedido de casamento, Adriano aparece para saber o que aconteceu com o dinheiro de Nat\u00e1lia.<\/p>\n<p>(*) edi\u00e7\u00e3o das novelas do SBT, \u201cMinha Fortuna \u00e9 Te Amar\u201d, sujeito a altera\u00e7\u00e3o de data e conte\u00fado.<\/p>\n<p>Sinopse \u201cMinha Fortuna \u00e9 Te Amar\u201d: Adri\u00e1n e Ver\u00f3nica tra\u00e7aram um plano para fugir depois de terem enganado os clientes da imobili\u00e1ria onde s\u00e3o ambos s\u00f3cios, juntamente com Mario, namorado de Ver\u00f3nica. Adri\u00e1n deixa Natalia, sua esposa, falida. Natalia, em meio a sua situa\u00e7\u00e3o, decide seguir em frente para criar as filhas Andrea e Regina.<\/p>\n<p>Por outro lado, Vicente Ram\u00edrez sofre a perda de sua esposa Luc\u00eda, que \u00e9 morta em um assalto. O filho de Vicente, Benjam\u00edn sofre o trauma que o deixa sem fala. Vicente \u00e9 v\u00edtima de fraude pela imobili\u00e1ria de Adri\u00e1n. A vida de Nat\u00e1lia e Vicente se confunde quando ele chega \u00e0 imobili\u00e1ria para reclamar o dinheiro que lhe foi roubado.<\/p>\n","protected":false},"excerpt":{"rendered":"<p>Resumo da novela \u201cMinha Fortuna \u00e9 Te Amar\u201d em 25\/04: no cap\u00edtulo 101(*) da novela, Andrea fica terrivelmente decepcionada ao encontrar o pai na cama de Ver\u00f3nica. El\u00edas tenta fugir da pol\u00edcia e atira em M\u00e1rio, mas Omar atrapalha e leva um tiro. Sem saber que usava colete \u00e0 prova de balas, El\u00edas acredita que [&hellip;]<\/p>\n","protected":false},"author":2,"featured_media":240073,"comment_status":"closed","ping_status":"closed","sticky":false,"template":"","format":"standard","meta":{"tdm_status":"","tdm_grid_status":"","footnotes":""},"categories":[2320,379,2025,372,343],"tags":[441],"class_list":{"0":"post-244152","1":"post","2":"type-post","3":"status-publish","4":"format-standard","5":"has-post-thumbnail","7":"category-minha-fortuna-e-te-amar","8":"category-novelas","9":"category-resumo","10":"category-sbt","11":"category-televisao","12":"tag-resumo-do-dia"},"_links":{"self":[{"href":"https:\/\/migracao.redenoticia.com.br\/noticia\/wp-json\/wp\/v2\/posts\/244152","targetHints":{"allow":["GET"]}}],"collection":[{"href":"https:\/\/migracao.redenoticia.com.br\/noticia\/wp-json\/wp\/v2\/posts"}],"about":[{"href":"https:\/\/migracao.redenoticia.com.br\/noticia\/wp-json\/wp\/v2\/types\/post"}],"author":[{"embeddable":true,"href":"https:\/\/migracao.redenoticia.com.br\/noticia\/wp-json\/wp\/v2\/users\/2"}],"replies":[{"embeddable":true,"href":"https:\/\/migracao.redenoticia.com.br\/noticia\/wp-json\/wp\/v2\/comments?post=244152"}],"version-history":[{"count":0,"href":"https:\/\/migracao.redenoticia.com.br\/noticia\/wp-json\/wp\/v2\/posts\/244152\/revisions"}],"wp:featuredmedia":[{"embeddable":true,"href":"https:\/\/migracao.redenoticia.com.br\/noticia\/wp-json\/wp\/v2\/media\/240073"}],"wp:attachment":[{"href":"https:\/\/migracao.redenoticia.com.br\/noticia\/wp-json\/wp\/v2\/media?parent=244152"}],"wp:term":[{"taxonomy":"category","embeddable":true,"href":"https:\/\/migracao.redenoticia.com.br\/noticia\/wp-json\/wp\/v2\/categories?post=244152"},{"taxonomy":"post_tag","embeddable":true,"href":"https:\/\/migracao.redenoticia.com.br\/noticia\/wp-json\/wp\/v2\/tags?post=244152"}],"curies":[{"name":"wp","href":"https:\/\/api.w.org\/{rel}","templated":true}]}}