{"id":244204,"date":"2024-04-26T11:11:03","date_gmt":"2024-04-26T14:11:03","guid":{"rendered":"https:\/\/www.redenoticia.com.br\/noticia\/?p=244204"},"modified":"2024-04-26T11:11:03","modified_gmt":"2024-04-26T14:11:03","slug":"resumo-cheias-de-charme-27-04-chayene-se-vangloria-da-sessao-de-fotos-com-rosario","status":"publish","type":"post","link":"https:\/\/migracao.redenoticia.com.br\/noticia\/2024\/resumo-cheias-de-charme-27-04-chayene-se-vangloria-da-sessao-de-fotos-com-rosario\/244204","title":{"rendered":"Resumo &#8220;Cheias de Charme&#8221; 27\/04: Chayene se vangloria da sess\u00e3o de fotos com Ros\u00e1rio"},"content":{"rendered":"<p> <img loading=\"lazy\" decoding=\"async\" src=\"https:\/\/migracao.redenoticia.com.br\/noticia\/imagens\/cheias-de-charme-resumo-novela.jpg\" alt=\"\" width=\"1280\" height=\"720\" class=\"aligncenter size-full wp-image-243085\" srcset=\"https:\/\/migracao.redenoticia.com.br\/noticia\/imagens\/cheias-de-charme-resumo-novela.jpg 1280w, https:\/\/migracao.redenoticia.com.br\/noticia\/imagens\/cheias-de-charme-resumo-novela-250x140.jpg 250w, https:\/\/migracao.redenoticia.com.br\/noticia\/imagens\/cheias-de-charme-resumo-novela-400x225.jpg 400w, https:\/\/migracao.redenoticia.com.br\/noticia\/imagens\/cheias-de-charme-resumo-novela-768x432.jpg 768w, https:\/\/migracao.redenoticia.com.br\/noticia\/imagens\/cheias-de-charme-resumo-novela-150x85.jpg 150w\" sizes=\"auto, (max-width: 1280px) 100vw, 1280px\" \/> <\/p>\n<p><em><strong>Resumo da novela &#8220;Cheias de Charme&#8221;<\/strong><\/em> em 27\/04: no cap\u00edtulo 042(*) da novela, Sarmento sugere que Conrado se case com Isadora no mesmo dia que Ariela. Lygia n\u00e3o gosta de saber que Conrado foi instalado em seu escrit\u00f3rio. Humberto descobre que o filho que Brunessa est\u00e1 esperando pode ser dele. Kleiton convence Voleide a fazer o primeiro show das empreguetes no Chopeok\u00ea. Lygia se preocupa com a r\u00e1pida ascens\u00e3o de Conrado no escrit\u00f3rio. Cida ouve Conrado pedir para Isadora se casar com ele no mesmo dia que Ariela.<\/p>\n<p>Kleiton sugere que Elano aproveite o ensaio das Empreguetes para se aproximar de Cida. Cida \u00e9 destratada por S\u00f4nia. Isadora convida Conrado para ficar em sua casa, mas ele recusa. Ariela n\u00e3o se conforma em dividir seu casamento com a irm\u00e3 e se queixa com Humberto. Conrado cruza com Cida no condom\u00ednio. Humberto se encontra com Brunessa. Chayene se vangloria da sess\u00e3o de fotos com Ros\u00e1rio. Dinha e In\u00e1cio conversam sobre o trabalho. Sidney acompanha o ensaio de Ros\u00e1rio e se emociona.<\/p>\n<p>Chayene cumpre sua pena comunit\u00e1ria e arma um plano para levar vantagem. Lygia flagra Conrado dormindo em sua sala e reclama com Sarmento. Chayene chega ao Borralho com Socorro e La\u00e9rcio e \u00e9 recebida por Ros\u00e1rio. Rodinei convida Cida para morar com ele. Chayene zomba do cartaz do show das Empreguetes. Niltinho aconselha Rodinei a contar sobre a gravidez de Brunessa para Cida. Lygia conversa com Liara e descobre que a irm\u00e3 voltar\u00e1 para o Brasil. Conrado se encontra com o pai. Tom Bastos surge no show das Empreguetes e revela que \u00e9 o novo agente das tr\u00eas dom\u00e9sticas.<\/p>\n<p>(*) edi\u00e7\u00e3o das novelas da Globo, &#8220;Cheias de Charme&#8221;, sujeito a altera\u00e7\u00e3o de data e conte\u00fado.<\/p>\n<p>Sinopse \u201cCheias de Charme\u201d: Penha se apaixona por Gilson. O que ela desconhece \u00e9 que o gal\u00e3 \u00e9 uma antiga paix\u00e3o de juventude de Lygia e o verdadeiro pai de Samuel. Ap\u00f3s conquistar os holofotes, Ros\u00e1rio decide investir em sua carreira como cantora solo. Separada de In\u00e1cio devido a uma arma\u00e7\u00e3o de Fabian e Tom Bastos, ela aceita fazer uma turn\u00ea ao lado do pr\u00edncipe das dom\u00e9sticas, mas Chayene, revoltada com o suposto romance entre o cantor e sua rival, acaba desfigurando o rosto de Fabian ao lhe atirar um prato de sopa quente. <\/p>\n<p>Para n\u00e3o prejudicar os contratos que assinou, Tom Bastos convence In\u00e1cio a se passar por Fabian nos palcos enquanto \u00e9 dublado pelo original. Cida descobre que o ex-patr\u00e3o \u00e9 seu verdadeiro pai. Ernani leva Cida de volta para a mans\u00e3o. Agora \u00e9 ela quem sustenta a casa e d\u00e1 as carta ali, estremecendo o casamento j\u00e1 abalado entre Isadora e Conrado. No entanto, essa reaproxima\u00e7\u00e3o de Cida com os Sarmentos lhe custa o fim de seu namoro com o \u00edntegro advogado Elano.<\/p>\n","protected":false},"excerpt":{"rendered":"<p>Resumo da novela &#8220;Cheias de Charme&#8221; em 27\/04: no cap\u00edtulo 042(*) da novela, Sarmento sugere que Conrado se case com Isadora no mesmo dia que Ariela. Lygia n\u00e3o gosta de saber que Conrado foi instalado em seu escrit\u00f3rio. Humberto descobre que o filho que Brunessa est\u00e1 esperando pode ser dele. Kleiton convence Voleide a fazer [&hellip;]<\/p>\n","protected":false},"author":5,"featured_media":243086,"comment_status":"closed","ping_status":"closed","sticky":false,"template":"","format":"standard","meta":{"tdm_status":"","tdm_grid_status":"","footnotes":""},"categories":[2325,379,375,2025,343],"tags":[441],"class_list":{"0":"post-244204","1":"post","2":"type-post","3":"status-publish","4":"format-standard","5":"has-post-thumbnail","7":"category-cheias-de-charme","8":"category-novelas","9":"category-rede-globo","10":"category-resumo","11":"category-televisao","12":"tag-resumo-do-dia"},"_links":{"self":[{"href":"https:\/\/migracao.redenoticia.com.br\/noticia\/wp-json\/wp\/v2\/posts\/244204","targetHints":{"allow":["GET"]}}],"collection":[{"href":"https:\/\/migracao.redenoticia.com.br\/noticia\/wp-json\/wp\/v2\/posts"}],"about":[{"href":"https:\/\/migracao.redenoticia.com.br\/noticia\/wp-json\/wp\/v2\/types\/post"}],"author":[{"embeddable":true,"href":"https:\/\/migracao.redenoticia.com.br\/noticia\/wp-json\/wp\/v2\/users\/5"}],"replies":[{"embeddable":true,"href":"https:\/\/migracao.redenoticia.com.br\/noticia\/wp-json\/wp\/v2\/comments?post=244204"}],"version-history":[{"count":0,"href":"https:\/\/migracao.redenoticia.com.br\/noticia\/wp-json\/wp\/v2\/posts\/244204\/revisions"}],"wp:featuredmedia":[{"embeddable":true,"href":"https:\/\/migracao.redenoticia.com.br\/noticia\/wp-json\/wp\/v2\/media\/243086"}],"wp:attachment":[{"href":"https:\/\/migracao.redenoticia.com.br\/noticia\/wp-json\/wp\/v2\/media?parent=244204"}],"wp:term":[{"taxonomy":"category","embeddable":true,"href":"https:\/\/migracao.redenoticia.com.br\/noticia\/wp-json\/wp\/v2\/categories?post=244204"},{"taxonomy":"post_tag","embeddable":true,"href":"https:\/\/migracao.redenoticia.com.br\/noticia\/wp-json\/wp\/v2\/tags?post=244204"}],"curies":[{"name":"wp","href":"https:\/\/api.w.org\/{rel}","templated":true}]}}