{"id":244229,"date":"2024-04-28T10:05:37","date_gmt":"2024-04-28T13:05:37","guid":{"rendered":"https:\/\/www.redenoticia.com.br\/noticia\/?p=244229"},"modified":"2024-04-28T10:33:14","modified_gmt":"2024-04-28T13:33:14","slug":"resumo-alma-gemea-29-04-rafael-pede-luna-em-casamento","status":"publish","type":"post","link":"https:\/\/migracao.redenoticia.com.br\/noticia\/2024\/resumo-alma-gemea-29-04-rafael-pede-luna-em-casamento\/244229","title":{"rendered":"Resumo &#8220;Alma G\u00eamea&#8221; 29\/04: Rafael pede Luna em casamento"},"content":{"rendered":"<p> <img loading=\"lazy\" decoding=\"async\" src=\"https:\/\/migracao.redenoticia.com.br\/noticia\/imagens\/resumo-alma-gemea-logo-novela.jpg\" alt=\"\" width=\"1280\" height=\"720\" class=\"aligncenter size-full wp-image-244166\" srcset=\"https:\/\/migracao.redenoticia.com.br\/noticia\/imagens\/resumo-alma-gemea-logo-novela.jpg 1280w, https:\/\/migracao.redenoticia.com.br\/noticia\/imagens\/resumo-alma-gemea-logo-novela-250x140.jpg 250w, https:\/\/migracao.redenoticia.com.br\/noticia\/imagens\/resumo-alma-gemea-logo-novela-400x225.jpg 400w, https:\/\/migracao.redenoticia.com.br\/noticia\/imagens\/resumo-alma-gemea-logo-novela-768x432.jpg 768w, https:\/\/migracao.redenoticia.com.br\/noticia\/imagens\/resumo-alma-gemea-logo-novela-150x85.jpg 150w\" sizes=\"auto, (max-width: 1280px) 100vw, 1280px\" \/><\/p>\n<p><em><strong>Resumo da novela &#8220;Alma G\u00eamea&#8221;<\/strong><\/em> em 29\/04: no cap\u00edtulo 001(*) da novela, Rafael colhe algumas rosas para levar \u00e0 festa da cidade e oferecer \u00e0 Nossa Senhora da Rosa M\u00edstica. Luna ouve Rafael rezando na igreja e pedindo um amor. Cristina \u00e9 eleita a Rainha das Rosas, por ser a menina mais bonita da cidade. D\u00e9bora, m\u00e3e de Cristina, garante que Rafael est\u00e1 interessado nela e a aconselha a casar-se logo com ele, pois ele \u00e9 muito rico. Rafael v\u00ea Luna entrando no baile da cidade e vai tir\u00e1-la para dan\u00e7ar. Cristina fica furiosa e morta de inveja. Luna explica para Rafael que \u00e9 prima de Cristina, bailarina e que acabou de se mudar para a cidade. Rafael e Luna ficam encantados um pelo outro. <\/p>\n<p>O tempo passa. Rafael pede Luna em casamento. Agnes, m\u00e3e de Luna, acha que eles v\u00e3o se casar depressa demais, mas, Adelaide, av\u00f3 da bailarina, entende que os dois s\u00e3o almas g\u00eameas. Rafael d\u00e1 um anel a Luna. Cristina garante a D\u00e9bora que Rafael um dia ser\u00e1 dela. Rafael e Luna se casam. Nasce Felipe, filho dos dois. D\u00e9bora sugere que Cristina v\u00e1 trabalhar de governanta na casa de Rafael para conhecer um bom partido. Cristina vai, mas para ficar perto de Rafael. Rafael cria uma nova variedade de rosa branca e a batiza com o nome de Luna. Adelaide d\u00e1 a Luna as j\u00f3ias da fam\u00edlia, pois ela foi sua primeira neta a ter um filho. Cristina fica furiosa. Luna vai dan\u00e7ar como primeira bailarina no Theatro Municipal de S\u00e3o Paulo. <\/p>\n<p>Cristina manda que Guto, seu admirador, roube as j\u00f3ias de Luna quando ela estiver saindo do teatro. Luna dan\u00e7a e todos a aplaudem. Guto e um comparsa, disfar\u00e7ados, abordam Luna na sa\u00edda do espet\u00e1culo e pedem as j\u00f3ias. Rafael enfrenta Guto, que atira. Luna se joga na frente de Rafael e \u00e9 atingida. Guto e seu comparsa fogem com as j\u00f3ias. Luna \u00e9 levada para o hospital. Rafael fica o tempo todo ao lado dela, desesperado. Luna se v\u00ea num t\u00fanel e vai na dire\u00e7\u00e3o da luz. Rafael pede que Luna volte para ele. Luna ouve Rafael, tenta voltar, mas acaba se desviando em seu caminho. Luna morre e, logo em seguida, Jacira, uma \u00edndia, tem uma filha. <\/p>\n<p>(*) edi\u00e7\u00e3o das novelas da Globo, &#8220;Alma G\u00eamea&#8221;, sujeito a altera\u00e7\u00e3o de data e conte\u00fado.<\/p>\n<p>Sinopse &#8220;Alma G\u00eamea&#8221;: Rafael e Luna casam-se e t\u00eam um filho, mas a felicidade \u00e9 invejada por Cristina. Em um passeio, Rafael reage a um assalto e um dos ladr\u00f5es, que \u00e9 conhecido de Cristina, atira. Luna morre. Enquanto Rafael se desespera com a perda de Luna, em um lugar bem distante dali, nasce a menina Serena, filha de uma \u00edndia com um garimpeiro. Ela cresce em uma aldeia ind\u00edgena e tem vis\u00f5es. <\/p>\n<p>Vinte anos se passam da morte de Luna. Serena consegue trabalho como empregada na mans\u00e3o de Rafael. Serena tem em seu corpo uma marca de nascen\u00e7a, no mesmo lugar em que Luna levou o tiro. A trama segue envolta em mist\u00e9rios e marcada por fatos inexplic\u00e1veis. Rafael passa a acreditar que Serena \u00e9 de fato a reencarna\u00e7\u00e3o de Luna, se apaixona por ela e a pede em casamento. Cristina e sua m\u00e3e D\u00e9bora percebem que Serena representa uma amea\u00e7a, e a novela segue com as duas tramando de tudo para separar os dois.<\/p>\n","protected":false},"excerpt":{"rendered":"<p>Resumo da novela &#8220;Alma G\u00eamea&#8221; em 29\/04: no cap\u00edtulo 001(*) da novela, Rafael colhe algumas rosas para levar \u00e0 festa da cidade e oferecer \u00e0 Nossa Senhora da Rosa M\u00edstica. Luna ouve Rafael rezando na igreja e pedindo um amor. Cristina \u00e9 eleita a Rainha das Rosas, por ser a menina mais bonita da cidade. [&hellip;]<\/p>\n","protected":false},"author":5,"featured_media":244165,"comment_status":"closed","ping_status":"closed","sticky":false,"template":"","format":"standard","meta":{"tdm_status":"","tdm_grid_status":"","footnotes":""},"categories":[2328,379,375,2025,343],"tags":[441],"class_list":{"0":"post-244229","1":"post","2":"type-post","3":"status-publish","4":"format-standard","5":"has-post-thumbnail","7":"category-alma-gemea","8":"category-novelas","9":"category-rede-globo","10":"category-resumo","11":"category-televisao","12":"tag-resumo-do-dia"},"_links":{"self":[{"href":"https:\/\/migracao.redenoticia.com.br\/noticia\/wp-json\/wp\/v2\/posts\/244229","targetHints":{"allow":["GET"]}}],"collection":[{"href":"https:\/\/migracao.redenoticia.com.br\/noticia\/wp-json\/wp\/v2\/posts"}],"about":[{"href":"https:\/\/migracao.redenoticia.com.br\/noticia\/wp-json\/wp\/v2\/types\/post"}],"author":[{"embeddable":true,"href":"https:\/\/migracao.redenoticia.com.br\/noticia\/wp-json\/wp\/v2\/users\/5"}],"replies":[{"embeddable":true,"href":"https:\/\/migracao.redenoticia.com.br\/noticia\/wp-json\/wp\/v2\/comments?post=244229"}],"version-history":[{"count":0,"href":"https:\/\/migracao.redenoticia.com.br\/noticia\/wp-json\/wp\/v2\/posts\/244229\/revisions"}],"wp:featuredmedia":[{"embeddable":true,"href":"https:\/\/migracao.redenoticia.com.br\/noticia\/wp-json\/wp\/v2\/media\/244165"}],"wp:attachment":[{"href":"https:\/\/migracao.redenoticia.com.br\/noticia\/wp-json\/wp\/v2\/media?parent=244229"}],"wp:term":[{"taxonomy":"category","embeddable":true,"href":"https:\/\/migracao.redenoticia.com.br\/noticia\/wp-json\/wp\/v2\/categories?post=244229"},{"taxonomy":"post_tag","embeddable":true,"href":"https:\/\/migracao.redenoticia.com.br\/noticia\/wp-json\/wp\/v2\/tags?post=244229"}],"curies":[{"name":"wp","href":"https:\/\/api.w.org\/{rel}","templated":true}]}}