{"id":244315,"date":"2024-05-01T13:15:58","date_gmt":"2024-05-01T16:15:58","guid":{"rendered":"https:\/\/www.redenoticia.com.br\/noticia\/?p=244315"},"modified":"2024-05-01T13:15:58","modified_gmt":"2024-05-01T16:15:58","slug":"resumo-cheias-de-charme-02-05-chayene-sobe-ao-palco-com-michel-telo","status":"publish","type":"post","link":"https:\/\/migracao.redenoticia.com.br\/noticia\/2024\/resumo-cheias-de-charme-02-05-chayene-sobe-ao-palco-com-michel-telo\/244315","title":{"rendered":"Resumo &#8220;Cheias de Charme&#8221; 02\/05: Chayene sobe ao palco com Michel Tel\u00f3"},"content":{"rendered":"<p> <img loading=\"lazy\" decoding=\"async\" src=\"https:\/\/migracao.redenoticia.com.br\/noticia\/imagens\/cheias-de-charme-resumo-novela.jpg\" alt=\"\" width=\"1280\" height=\"720\" class=\"aligncenter size-full wp-image-243085\" srcset=\"https:\/\/migracao.redenoticia.com.br\/noticia\/imagens\/cheias-de-charme-resumo-novela.jpg 1280w, https:\/\/migracao.redenoticia.com.br\/noticia\/imagens\/cheias-de-charme-resumo-novela-250x140.jpg 250w, https:\/\/migracao.redenoticia.com.br\/noticia\/imagens\/cheias-de-charme-resumo-novela-400x225.jpg 400w, https:\/\/migracao.redenoticia.com.br\/noticia\/imagens\/cheias-de-charme-resumo-novela-768x432.jpg 768w, https:\/\/migracao.redenoticia.com.br\/noticia\/imagens\/cheias-de-charme-resumo-novela-150x85.jpg 150w\" sizes=\"auto, (max-width: 1280px) 100vw, 1280px\" \/> <\/p>\n<p><em><strong>Resumo da novela &#8220;Cheias de Charme&#8221;<\/strong><\/em> em 02\/05: no cap\u00edtulo 046(*) da novela, In\u00e1cio visita a tia e avisa que n\u00e3o ser\u00e1 mais perseguido. Niltinho conversa com Rodinei e percebe que ele est\u00e1 diferente. Cida \u00e9 proibida por S\u00f4nia de sair de casa e falta \u00e0 reuni\u00e3o das Empreguetes com Tom Bastos. Ros\u00e1rio aceita a proposta de Tom Bastos, mas exige que Kleiton seja o produtor musical das Empreguetes. Sandro \u00e9 demitido e fica constrangido de contar para Penha. La\u00e9rcio chama Chayene para entrar no palco com Michel Tel\u00f3. In\u00e1cio ouve Ros\u00e1rio falando com Fabian ao telefone e questiona a namorada.<\/p>\n<p>Chayene sobe ao palco com Michel Tel\u00f3. Penha comemora as contrata\u00e7\u00f5es de Elano e Sandro e Ru\u00e7o fica apreensivo. Walmir reaparece no Borralho para cobrar a d\u00edvida de Sandro. Sidney alerta Penha para se comportar no jantar na casa dos Sarmentos. In\u00e1cio faz as pazes com Ros\u00e1rio e resolve lev\u00e1-la para conhecer Romana. M\u00e1slova teme que Conrado estrague a chance de se reconciliar com o pai. Lygia avisa a Liara que marcou uma entrevista de emprego para ela na Galerie.<\/p>\n<p>Sarmento sugere que Cida n\u00e3o apare\u00e7a no jantar de noivado de Isadora, mas S\u00f4nia insiste em coloc\u00e1-la para servir. Ros\u00e1rio e Romana se conhecem. Penha visita Elano no trabalho e demonstra gratid\u00e3o a Lygia por ter ajudado seu irm\u00e3o. Elano conquista a simpatia de Sarmento e Conrado demonstra ci\u00fame. Liara consegue a vaga de gerente da Galerie. Fabian finge ter ficado ofendido com o ass\u00e9dio de Chayene a Michel Tel\u00f3 e amea\u00e7a romper o falso namoro com ela. Tom planeja uma nova cilada para Chayene. Sandro revolve fugir de Walmir, mas \u00e9 surpreendido.<\/p>\n<p>(*) edi\u00e7\u00e3o das novelas da Globo, &#8220;Cheias de Charme&#8221;, sujeito a altera\u00e7\u00e3o de data e conte\u00fado.<\/p>\n<p>Sinopse \u201cCheias de Charme\u201d: Penha se apaixona por Gilson. O que ela desconhece \u00e9 que o gal\u00e3 \u00e9 uma antiga paix\u00e3o de juventude de Lygia e o verdadeiro pai de Samuel. Ap\u00f3s conquistar os holofotes, Ros\u00e1rio decide investir em sua carreira como cantora solo. Separada de In\u00e1cio devido a uma arma\u00e7\u00e3o de Fabian e Tom Bastos, ela aceita fazer uma turn\u00ea ao lado do pr\u00edncipe das dom\u00e9sticas, mas Chayene, revoltada com o suposto romance entre o cantor e sua rival, acaba desfigurando o rosto de Fabian ao lhe atirar um prato de sopa quente. <\/p>\n<p>Para n\u00e3o prejudicar os contratos que assinou, Tom Bastos convence In\u00e1cio a se passar por Fabian nos palcos enquanto \u00e9 dublado pelo original. Cida descobre que o ex-patr\u00e3o \u00e9 seu verdadeiro pai. Ernani leva Cida de volta para a mans\u00e3o. Agora \u00e9 ela quem sustenta a casa e d\u00e1 as carta ali, estremecendo o casamento j\u00e1 abalado entre Isadora e Conrado. No entanto, essa reaproxima\u00e7\u00e3o de Cida com os Sarmentos lhe custa o fim de seu namoro com o \u00edntegro advogado Elano.<\/p>\n","protected":false},"excerpt":{"rendered":"<p>Resumo da novela &#8220;Cheias de Charme&#8221; em 02\/05: no cap\u00edtulo 046(*) da novela, In\u00e1cio visita a tia e avisa que n\u00e3o ser\u00e1 mais perseguido. Niltinho conversa com Rodinei e percebe que ele est\u00e1 diferente. Cida \u00e9 proibida por S\u00f4nia de sair de casa e falta \u00e0 reuni\u00e3o das Empreguetes com Tom Bastos. Ros\u00e1rio aceita a [&hellip;]<\/p>\n","protected":false},"author":2,"featured_media":243086,"comment_status":"closed","ping_status":"closed","sticky":false,"template":"","format":"standard","meta":{"tdm_status":"","tdm_grid_status":"","footnotes":""},"categories":[2325,379,375,2025,343],"tags":[441],"class_list":{"0":"post-244315","1":"post","2":"type-post","3":"status-publish","4":"format-standard","5":"has-post-thumbnail","7":"category-cheias-de-charme","8":"category-novelas","9":"category-rede-globo","10":"category-resumo","11":"category-televisao","12":"tag-resumo-do-dia"},"_links":{"self":[{"href":"https:\/\/migracao.redenoticia.com.br\/noticia\/wp-json\/wp\/v2\/posts\/244315","targetHints":{"allow":["GET"]}}],"collection":[{"href":"https:\/\/migracao.redenoticia.com.br\/noticia\/wp-json\/wp\/v2\/posts"}],"about":[{"href":"https:\/\/migracao.redenoticia.com.br\/noticia\/wp-json\/wp\/v2\/types\/post"}],"author":[{"embeddable":true,"href":"https:\/\/migracao.redenoticia.com.br\/noticia\/wp-json\/wp\/v2\/users\/2"}],"replies":[{"embeddable":true,"href":"https:\/\/migracao.redenoticia.com.br\/noticia\/wp-json\/wp\/v2\/comments?post=244315"}],"version-history":[{"count":0,"href":"https:\/\/migracao.redenoticia.com.br\/noticia\/wp-json\/wp\/v2\/posts\/244315\/revisions"}],"wp:featuredmedia":[{"embeddable":true,"href":"https:\/\/migracao.redenoticia.com.br\/noticia\/wp-json\/wp\/v2\/media\/243086"}],"wp:attachment":[{"href":"https:\/\/migracao.redenoticia.com.br\/noticia\/wp-json\/wp\/v2\/media?parent=244315"}],"wp:term":[{"taxonomy":"category","embeddable":true,"href":"https:\/\/migracao.redenoticia.com.br\/noticia\/wp-json\/wp\/v2\/categories?post=244315"},{"taxonomy":"post_tag","embeddable":true,"href":"https:\/\/migracao.redenoticia.com.br\/noticia\/wp-json\/wp\/v2\/tags?post=244315"}],"curies":[{"name":"wp","href":"https:\/\/api.w.org\/{rel}","templated":true}]}}