{"id":244317,"date":"2024-05-01T13:17:19","date_gmt":"2024-05-01T16:17:19","guid":{"rendered":"https:\/\/www.redenoticia.com.br\/noticia\/?p=244317"},"modified":"2024-05-01T13:17:19","modified_gmt":"2024-05-01T16:17:19","slug":"resumo-alma-gemea-02-05-jacira-percebe-que-sua-filha-tem-uma-marca-no-peito","status":"publish","type":"post","link":"https:\/\/migracao.redenoticia.com.br\/noticia\/2024\/resumo-alma-gemea-02-05-jacira-percebe-que-sua-filha-tem-uma-marca-no-peito\/244317","title":{"rendered":"Resumo &#8220;Alma G\u00eamea&#8221; 02\/05: Jacira percebe que sua filha tem uma marca no peito"},"content":{"rendered":"<p> <img loading=\"lazy\" decoding=\"async\" src=\"https:\/\/migracao.redenoticia.com.br\/noticia\/imagens\/resumo-alma-gemea-logo-novela.jpg\" alt=\"\" width=\"1280\" height=\"720\" class=\"aligncenter size-full wp-image-244166\" srcset=\"https:\/\/migracao.redenoticia.com.br\/noticia\/imagens\/resumo-alma-gemea-logo-novela.jpg 1280w, https:\/\/migracao.redenoticia.com.br\/noticia\/imagens\/resumo-alma-gemea-logo-novela-250x140.jpg 250w, https:\/\/migracao.redenoticia.com.br\/noticia\/imagens\/resumo-alma-gemea-logo-novela-400x225.jpg 400w, https:\/\/migracao.redenoticia.com.br\/noticia\/imagens\/resumo-alma-gemea-logo-novela-768x432.jpg 768w, https:\/\/migracao.redenoticia.com.br\/noticia\/imagens\/resumo-alma-gemea-logo-novela-150x85.jpg 150w\" sizes=\"auto, (max-width: 1280px) 100vw, 1280px\" \/><\/p>\n<p><em><strong>Resumo da novela &#8220;Alma G\u00eamea&#8221;<\/strong><\/em> em 02\/05: no cap\u00edtulo 004(*) da novela, Cristina manda que Guto, seu admirador, roube as j\u00f3ias de Luna quando ela estiver saindo do teatro. Luna dan\u00e7a e todos a aplaudem. Guto e um comparsa, disfar\u00e7ados, abordam Luna na sa\u00edda do espet\u00e1culo e pedem as j\u00f3ias. Rafael enfrenta Guto, que atira. Luna se joga na frente de Rafael e \u00e9 atingida. Guto e seu comparsa fogem com as j\u00f3ias. Luna \u00e9 levada para o hospital. Rafael fica o tempo todo ao lado dela, desesperado. Luna se v\u00ea num t\u00fanel e vai na dire\u00e7\u00e3o da luz. Rafael pede que Luna volte para ele. Luna ouve Rafael, tenta voltar, mas acaba se desviando em seu caminho. Luna morre e, logo em seguida, Jacira, uma \u00edndia, tem uma filha.<\/p>\n<p>Jacira percebe que sua filha tem uma marca no peito diferente. Jacira mostra a menina ao pai, Josias, que \u00e9 branco e garimpeiro. Josias n\u00e3o se importa muito com a crian\u00e7a vai embora da aldeia para n\u00e3o ser obrigado a casar com Jacira. A \u00edndigena fica arrasada. Agnes se desespera ao saber que a filha morreu. Cristina revela a D\u00e9bora que mandou Guto roubar as j\u00f3ias de Luna. D\u00e9bora aconselha a filha a pegar as j\u00f3ias de volta e escond\u00ea-las, pois elas s\u00e3o a prova do crime. Ela fala para Cristina que, agora que Luna morreu, ser\u00e1 sua chance de consolar e ficar com o bot\u00e2nico. Cristina d\u00e1 dinheiro a Guto e pede que ele desapare\u00e7a. Guto concorda, mas afirma para Cristina que a ama e vai voltar um dia.<\/p>\n<p>(*) edi\u00e7\u00e3o das novelas da Globo, &#8220;Alma G\u00eamea&#8221;, sujeito a altera\u00e7\u00e3o de data e conte\u00fado.<\/p>\n<p>Sinopse &#8220;Alma G\u00eamea&#8221;: Rafael e Luna casam-se e t\u00eam um filho, mas a felicidade \u00e9 invejada por Cristina. Em um passeio, Rafael reage a um assalto e um dos ladr\u00f5es, que \u00e9 conhecido de Cristina, atira. Luna morre. Enquanto Rafael se desespera com a perda de Luna, em um lugar bem distante dali, nasce a menina Serena, filha de uma \u00edndia com um garimpeiro. Ela cresce em uma aldeia ind\u00edgena e tem vis\u00f5es. <\/p>\n<p>Vinte anos se passam da morte de Luna. Serena consegue trabalho como empregada na mans\u00e3o de Rafael. Serena tem em seu corpo uma marca de nascen\u00e7a, no mesmo lugar em que Luna levou o tiro. A trama segue envolta em mist\u00e9rios e marcada por fatos inexplic\u00e1veis. Rafael passa a acreditar que Serena \u00e9 de fato a reencarna\u00e7\u00e3o de Luna, se apaixona por ela e a pede em casamento. Cristina e sua m\u00e3e D\u00e9bora percebem que Serena representa uma amea\u00e7a, e a novela segue com as duas tramando de tudo para separar os dois.<\/p>\n","protected":false},"excerpt":{"rendered":"<p>Resumo da novela &#8220;Alma G\u00eamea&#8221; em 02\/05: no cap\u00edtulo 004(*) da novela, Cristina manda que Guto, seu admirador, roube as j\u00f3ias de Luna quando ela estiver saindo do teatro. Luna dan\u00e7a e todos a aplaudem. Guto e um comparsa, disfar\u00e7ados, abordam Luna na sa\u00edda do espet\u00e1culo e pedem as j\u00f3ias. Rafael enfrenta Guto, que atira. [&hellip;]<\/p>\n","protected":false},"author":3,"featured_media":244165,"comment_status":"closed","ping_status":"closed","sticky":false,"template":"","format":"standard","meta":{"tdm_status":"","tdm_grid_status":"","footnotes":""},"categories":[2328,379,375,2025,343],"tags":[441],"class_list":{"0":"post-244317","1":"post","2":"type-post","3":"status-publish","4":"format-standard","5":"has-post-thumbnail","7":"category-alma-gemea","8":"category-novelas","9":"category-rede-globo","10":"category-resumo","11":"category-televisao","12":"tag-resumo-do-dia"},"_links":{"self":[{"href":"https:\/\/migracao.redenoticia.com.br\/noticia\/wp-json\/wp\/v2\/posts\/244317","targetHints":{"allow":["GET"]}}],"collection":[{"href":"https:\/\/migracao.redenoticia.com.br\/noticia\/wp-json\/wp\/v2\/posts"}],"about":[{"href":"https:\/\/migracao.redenoticia.com.br\/noticia\/wp-json\/wp\/v2\/types\/post"}],"author":[{"embeddable":true,"href":"https:\/\/migracao.redenoticia.com.br\/noticia\/wp-json\/wp\/v2\/users\/3"}],"replies":[{"embeddable":true,"href":"https:\/\/migracao.redenoticia.com.br\/noticia\/wp-json\/wp\/v2\/comments?post=244317"}],"version-history":[{"count":0,"href":"https:\/\/migracao.redenoticia.com.br\/noticia\/wp-json\/wp\/v2\/posts\/244317\/revisions"}],"wp:featuredmedia":[{"embeddable":true,"href":"https:\/\/migracao.redenoticia.com.br\/noticia\/wp-json\/wp\/v2\/media\/244165"}],"wp:attachment":[{"href":"https:\/\/migracao.redenoticia.com.br\/noticia\/wp-json\/wp\/v2\/media?parent=244317"}],"wp:term":[{"taxonomy":"category","embeddable":true,"href":"https:\/\/migracao.redenoticia.com.br\/noticia\/wp-json\/wp\/v2\/categories?post=244317"},{"taxonomy":"post_tag","embeddable":true,"href":"https:\/\/migracao.redenoticia.com.br\/noticia\/wp-json\/wp\/v2\/tags?post=244317"}],"curies":[{"name":"wp","href":"https:\/\/api.w.org\/{rel}","templated":true}]}}