{"id":244404,"date":"2024-05-05T10:45:40","date_gmt":"2024-05-05T13:45:40","guid":{"rendered":"https:\/\/www.redenoticia.com.br\/noticia\/?p=244404"},"modified":"2024-05-05T10:45:40","modified_gmt":"2024-05-05T13:45:40","slug":"resumo-a-infancia-de-romeu-e-julieta-06-05-leandro-visita-glaucia-e-fred-na-empresa","status":"publish","type":"post","link":"https:\/\/migracao.redenoticia.com.br\/noticia\/2024\/resumo-a-infancia-de-romeu-e-julieta-06-05-leandro-visita-glaucia-e-fred-na-empresa\/244404","title":{"rendered":"Resumo \u201cA Inf\u00e2ncia de Romeu e Julieta\u201d 06\/05: Leandro visita Glaucia e Fred na empresa"},"content":{"rendered":"<p> <img loading=\"lazy\" decoding=\"async\" src=\"https:\/\/migracao.redenoticia.com.br\/noticia\/imagens\/novela-romeu-e-julieta-sbt-elenco-resumo.jpg\" alt=\"\" width=\"1280\" height=\"720\" class=\"aligncenter size-full wp-image-232242\" srcset=\"https:\/\/migracao.redenoticia.com.br\/noticia\/imagens\/novela-romeu-e-julieta-sbt-elenco-resumo.jpg 1280w, https:\/\/migracao.redenoticia.com.br\/noticia\/imagens\/novela-romeu-e-julieta-sbt-elenco-resumo-250x140.jpg 250w, https:\/\/migracao.redenoticia.com.br\/noticia\/imagens\/novela-romeu-e-julieta-sbt-elenco-resumo-400x225.jpg 400w, https:\/\/migracao.redenoticia.com.br\/noticia\/imagens\/novela-romeu-e-julieta-sbt-elenco-resumo-768x432.jpg 768w, https:\/\/migracao.redenoticia.com.br\/noticia\/imagens\/novela-romeu-e-julieta-sbt-elenco-resumo-150x84.jpg 150w\" sizes=\"auto, (max-width: 1280px) 100vw, 1280px\" \/><\/p>\n<p><strong><em>Resumo da novela \u201cA Inf\u00e2ncia de Romeu e Julieta\u201d<\/em><\/strong> em 06\/05: no cap\u00edtulo 261(*) da novela, Chilique e F\u00ea Dengosa pedem para Dona Branca adot\u00e1-los. No Monter Mercado, Bernardo agradece a Vera por conversar com T\u00e9o e se aproximar. Vera e Bernardo n\u00e3o gostam do caf\u00e9 de Laura, mas acreditam que ela seja esfor\u00e7ada para trabalhar no estabelecimento deles.<\/p>\n<p>Bernardo descobre que Glaucia contratou Vitor para trabalhar na Monter Holding. Preocupado com a reputa\u00e7\u00e3o e neg\u00f3cios da fam\u00edlia, ele confronta a irm\u00e3. Telma pede para Glaucia retir\u00e1-la da futura equipe do Centro de Sa\u00fade e Est\u00e9tica Glaucia Monteiro, mas Glaucia alega ser tarde demais e que j\u00e1 anunciou a equipe na internet. Os moradores de Castanheiras, revoltados com a substitui\u00e7\u00e3o do centro est\u00e9tico no CEC, ficam chateados com Telma.<\/p>\n<p>Leandro visita Glaucia e Fred na empresa e afirma que a filha abusou do estado de sa\u00fade dele para ganhar plenos poderes na Monter Holding e que vai pedir ao advogado para entrar com uma a\u00e7\u00e3o contra eles dois. Glaucia responde que ele est\u00e1 debilitado e que n\u00e3o pode tomar nenhuma medida cab\u00edvel.<\/p>\n<p>(*) edi\u00e7\u00e3o das novelas do SBT, \u201cA Inf\u00e2ncia de Romeu e Julieta\u201d, sujeito a altera\u00e7\u00e3o de data e conte\u00fado.<\/p>\n<p>Sinopse \u201cA Inf\u00e2ncia de Romeu e Julieta\u201d: A Trama se passa no bairro chamado castanheiras, em que duas fam\u00edlias com propostas diferentes para esse bairro vivem em disc\u00f3rdia, sendo divididas entre os lados Torre (Campos) e Vila (Monteiro). Entretanto, Romeu (Miguel \u00c2ngelo) e Julieta (Vitt\u00f3ria Seixas) se conhecem, da\u00ed em diante, as fam\u00edlias rivais t\u00eam uma nova oportunidade de trazer paz e uni\u00e3o entre o conv\u00edvio deles. <\/p>\n<p>Romeu e Julieta n\u00e3o sabem como v\u00e3o fazer para ficarem juntos. A not\u00edcia do romance chega \u00e0s fam\u00edlias, que n\u00e3o gostam nada da hist\u00f3ria e tratam de afasta-los imediatamente, aprontando v\u00e1rias situa\u00e7\u00f5es. Romeu e Julieta querem acabar com essa hostilidade e tentam ir atr\u00e1s de uma solu\u00e7\u00e3o, mas ao descobrirem mais sobre a hist\u00f3ria de seus pais, percebem que pode ser imposs\u00edvel.<\/p>\n","protected":false},"excerpt":{"rendered":"<p>Resumo da novela \u201cA Inf\u00e2ncia de Romeu e Julieta\u201d em 06\/05: no cap\u00edtulo 261(*) da novela, Chilique e F\u00ea Dengosa pedem para Dona Branca adot\u00e1-los. No Monter Mercado, Bernardo agradece a Vera por conversar com T\u00e9o e se aproximar. Vera e Bernardo n\u00e3o gostam do caf\u00e9 de Laura, mas acreditam que ela seja esfor\u00e7ada para [&hellip;]<\/p>\n","protected":false},"author":4,"featured_media":232241,"comment_status":"closed","ping_status":"closed","sticky":false,"template":"","format":"standard","meta":{"tdm_status":"","tdm_grid_status":"","footnotes":""},"categories":[2306,379,2025,372,343],"tags":[441],"class_list":{"0":"post-244404","1":"post","2":"type-post","3":"status-publish","4":"format-standard","5":"has-post-thumbnail","7":"category-novela-romeu-e-julieta","8":"category-novelas","9":"category-resumo","10":"category-sbt","11":"category-televisao","12":"tag-resumo-do-dia"},"_links":{"self":[{"href":"https:\/\/migracao.redenoticia.com.br\/noticia\/wp-json\/wp\/v2\/posts\/244404","targetHints":{"allow":["GET"]}}],"collection":[{"href":"https:\/\/migracao.redenoticia.com.br\/noticia\/wp-json\/wp\/v2\/posts"}],"about":[{"href":"https:\/\/migracao.redenoticia.com.br\/noticia\/wp-json\/wp\/v2\/types\/post"}],"author":[{"embeddable":true,"href":"https:\/\/migracao.redenoticia.com.br\/noticia\/wp-json\/wp\/v2\/users\/4"}],"replies":[{"embeddable":true,"href":"https:\/\/migracao.redenoticia.com.br\/noticia\/wp-json\/wp\/v2\/comments?post=244404"}],"version-history":[{"count":0,"href":"https:\/\/migracao.redenoticia.com.br\/noticia\/wp-json\/wp\/v2\/posts\/244404\/revisions"}],"wp:featuredmedia":[{"embeddable":true,"href":"https:\/\/migracao.redenoticia.com.br\/noticia\/wp-json\/wp\/v2\/media\/232241"}],"wp:attachment":[{"href":"https:\/\/migracao.redenoticia.com.br\/noticia\/wp-json\/wp\/v2\/media?parent=244404"}],"wp:term":[{"taxonomy":"category","embeddable":true,"href":"https:\/\/migracao.redenoticia.com.br\/noticia\/wp-json\/wp\/v2\/categories?post=244404"},{"taxonomy":"post_tag","embeddable":true,"href":"https:\/\/migracao.redenoticia.com.br\/noticia\/wp-json\/wp\/v2\/tags?post=244404"}],"curies":[{"name":"wp","href":"https:\/\/api.w.org\/{rel}","templated":true}]}}