{"id":244408,"date":"2024-05-05T10:49:27","date_gmt":"2024-05-05T13:49:27","guid":{"rendered":"https:\/\/www.redenoticia.com.br\/noticia\/?p=244408"},"modified":"2024-05-05T10:49:27","modified_gmt":"2024-05-05T13:49:27","slug":"resumo-alma-gemea-06-05-serena-sente-uma-musica-lhe-chamando","status":"publish","type":"post","link":"https:\/\/migracao.redenoticia.com.br\/noticia\/2024\/resumo-alma-gemea-06-05-serena-sente-uma-musica-lhe-chamando\/244408","title":{"rendered":"Resumo &#8220;Alma G\u00eamea&#8221; 06\/05: Serena sente uma m\u00fasica lhe chamando"},"content":{"rendered":"<p> <img loading=\"lazy\" decoding=\"async\" src=\"https:\/\/migracao.redenoticia.com.br\/noticia\/imagens\/resumo-alma-gemea-logo-novela.jpg\" alt=\"\" width=\"1280\" height=\"720\" class=\"aligncenter size-full wp-image-244166\" srcset=\"https:\/\/migracao.redenoticia.com.br\/noticia\/imagens\/resumo-alma-gemea-logo-novela.jpg 1280w, https:\/\/migracao.redenoticia.com.br\/noticia\/imagens\/resumo-alma-gemea-logo-novela-250x140.jpg 250w, https:\/\/migracao.redenoticia.com.br\/noticia\/imagens\/resumo-alma-gemea-logo-novela-400x225.jpg 400w, https:\/\/migracao.redenoticia.com.br\/noticia\/imagens\/resumo-alma-gemea-logo-novela-768x432.jpg 768w, https:\/\/migracao.redenoticia.com.br\/noticia\/imagens\/resumo-alma-gemea-logo-novela-150x85.jpg 150w\" sizes=\"auto, (max-width: 1280px) 100vw, 1280px\" \/><\/p>\n<p><em><strong>Resumo da novela &#8220;Alma G\u00eamea&#8221;<\/strong><\/em> em 06\/05: no cap\u00edtulo 006(*) da novela, seis anos se passam. Rafael trabalha em suas rosas, mas n\u00e3o conseguiu criar nenhuma nova variedade desde que ficou vi\u00favo. Guto manda uma carta para Cristina dizendo que est\u00e1 na cadeia e exigindo dinheiro. Rafael entra no ateli\u00ea da esposa para lembrar-se dela e chora. Cristina diz a Rafael que ele deveria retomar sua vida, mas ele afirma que n\u00e3o consegue. Na aldeira, Serena v\u00ea a imagem de uma rosa branca.<\/p>\n<p>O Paj\u00e9 fala para Jacira que Serena precisa estudar, pois um dia vai embora da aldeia. Rafael, com apar\u00eancia descuidada, enxerta rosas e explica ao filho que seu cora\u00e7\u00e3o ficou calado desde a partida de sua m\u00e3e. Cristina recebe uma carta de Guto. D\u00e9bora aconselha Cristina a mandar dinheiro para Guto. Rafael relembra os tempos com Luna e Cristina lhe diz que ele deve retomar sua vida. Cleyde ensina Serena a ler na escolinha. Serena desenha uma rosa. Cleyde se espanta, pois sabe que n\u00e3o existem rosas na regi\u00e3o. O Paj\u00e9 afirma que a flor \u00e9 um aviso do destino de Serena. Mais anos se passam e Serena se transforma em adulta. Serena reencontra com Jos\u00e9 Aristides, o \u00edndio que estudou com ela e fica encantado com a beleza da mesti\u00e7a. O ind\u00edgena a pede em casamento. <\/p>\n<p>Cristina pede a Zulmira que procure algu\u00e9m para ajud\u00e1-la com os servi\u00e7os da casa. Cristina diz a Felipe que est\u00e1 preocupada com Rafael e pede para ele conversar com o pai. Felipe diz ao pai que sua obsess\u00e3o por Luna fez com que ele esquecesse de cuidar dele, dos neg\u00f3cios e da casa. Rafael explica que sente que sua esposa ainda est\u00e1 viva. Cristina diz a Rafael que ele deveria casar-se de novo, para o bem de Felipe. Serena fala para o Paj\u00e9 que sente uma m\u00fasica lhe chamando para longe da aldeia, e n\u00e3o sabe se deve segui-la ou ficar e se casar com Jos\u00e9 Aristides. O Paj\u00e9 afirma que todos v\u00eam ao mundo encontrar o amor. Jos\u00e9 Aristides corre para avisar Serena sobre sua m\u00e3e. Serena sai correndo. <\/p>\n<p>(*) edi\u00e7\u00e3o das novelas da Globo, &#8220;Alma G\u00eamea&#8221;, sujeito a altera\u00e7\u00e3o de data e conte\u00fado.<\/p>\n<p>Sinopse &#8220;Alma G\u00eamea&#8221;: Rafael e Luna casam-se e t\u00eam um filho, mas a felicidade \u00e9 invejada por Cristina. Em um passeio, Rafael reage a um assalto e um dos ladr\u00f5es, que \u00e9 conhecido de Cristina, atira. Luna morre. Enquanto Rafael se desespera com a perda de Luna, em um lugar bem distante dali, nasce a menina Serena, filha de uma \u00edndia com um garimpeiro. Ela cresce em uma aldeia ind\u00edgena e tem vis\u00f5es. <\/p>\n<p>Vinte anos se passam da morte de Luna. Serena consegue trabalho como empregada na mans\u00e3o de Rafael. Serena tem em seu corpo uma marca de nascen\u00e7a, no mesmo lugar em que Luna levou o tiro. A trama segue envolta em mist\u00e9rios e marcada por fatos inexplic\u00e1veis. Rafael passa a acreditar que Serena \u00e9 de fato a reencarna\u00e7\u00e3o de Luna, se apaixona por ela e a pede em casamento. Cristina e sua m\u00e3e D\u00e9bora percebem que Serena representa uma amea\u00e7a, e a novela segue com as duas tramando de tudo para separar os dois.<\/p>\n","protected":false},"excerpt":{"rendered":"<p>Resumo da novela &#8220;Alma G\u00eamea&#8221; em 06\/05: no cap\u00edtulo 006(*) da novela, seis anos se passam. Rafael trabalha em suas rosas, mas n\u00e3o conseguiu criar nenhuma nova variedade desde que ficou vi\u00favo. Guto manda uma carta para Cristina dizendo que est\u00e1 na cadeia e exigindo dinheiro. Rafael entra no ateli\u00ea da esposa para lembrar-se dela [&hellip;]<\/p>\n","protected":false},"author":5,"featured_media":244165,"comment_status":"closed","ping_status":"closed","sticky":false,"template":"","format":"standard","meta":{"tdm_status":"","tdm_grid_status":"","footnotes":""},"categories":[2328,379,375,2025,343],"tags":[441],"class_list":{"0":"post-244408","1":"post","2":"type-post","3":"status-publish","4":"format-standard","5":"has-post-thumbnail","7":"category-alma-gemea","8":"category-novelas","9":"category-rede-globo","10":"category-resumo","11":"category-televisao","12":"tag-resumo-do-dia"},"_links":{"self":[{"href":"https:\/\/migracao.redenoticia.com.br\/noticia\/wp-json\/wp\/v2\/posts\/244408","targetHints":{"allow":["GET"]}}],"collection":[{"href":"https:\/\/migracao.redenoticia.com.br\/noticia\/wp-json\/wp\/v2\/posts"}],"about":[{"href":"https:\/\/migracao.redenoticia.com.br\/noticia\/wp-json\/wp\/v2\/types\/post"}],"author":[{"embeddable":true,"href":"https:\/\/migracao.redenoticia.com.br\/noticia\/wp-json\/wp\/v2\/users\/5"}],"replies":[{"embeddable":true,"href":"https:\/\/migracao.redenoticia.com.br\/noticia\/wp-json\/wp\/v2\/comments?post=244408"}],"version-history":[{"count":0,"href":"https:\/\/migracao.redenoticia.com.br\/noticia\/wp-json\/wp\/v2\/posts\/244408\/revisions"}],"wp:featuredmedia":[{"embeddable":true,"href":"https:\/\/migracao.redenoticia.com.br\/noticia\/wp-json\/wp\/v2\/media\/244165"}],"wp:attachment":[{"href":"https:\/\/migracao.redenoticia.com.br\/noticia\/wp-json\/wp\/v2\/media?parent=244408"}],"wp:term":[{"taxonomy":"category","embeddable":true,"href":"https:\/\/migracao.redenoticia.com.br\/noticia\/wp-json\/wp\/v2\/categories?post=244408"},{"taxonomy":"post_tag","embeddable":true,"href":"https:\/\/migracao.redenoticia.com.br\/noticia\/wp-json\/wp\/v2\/tags?post=244408"}],"curies":[{"name":"wp","href":"https:\/\/api.w.org\/{rel}","templated":true}]}}