{"id":244421,"date":"2024-05-06T15:12:01","date_gmt":"2024-05-06T18:12:01","guid":{"rendered":"https:\/\/www.redenoticia.com.br\/noticia\/?p=244421"},"modified":"2024-05-06T15:12:01","modified_gmt":"2024-05-06T18:12:01","slug":"resumo-alma-gemea-07-05-um-pedaco-do-telhado-cai-sobre-serena","status":"publish","type":"post","link":"https:\/\/migracao.redenoticia.com.br\/noticia\/2024\/resumo-alma-gemea-07-05-um-pedaco-do-telhado-cai-sobre-serena\/244421","title":{"rendered":"Resumo &#8220;Alma G\u00eamea&#8221; 07\/05: Um peda\u00e7o do telhado cai sobre Serena"},"content":{"rendered":"<p> <img loading=\"lazy\" decoding=\"async\" src=\"https:\/\/migracao.redenoticia.com.br\/noticia\/imagens\/resumo-alma-gemea-logo-novela.jpg\" alt=\"\" width=\"1280\" height=\"720\" class=\"aligncenter size-full wp-image-244166\" srcset=\"https:\/\/migracao.redenoticia.com.br\/noticia\/imagens\/resumo-alma-gemea-logo-novela.jpg 1280w, https:\/\/migracao.redenoticia.com.br\/noticia\/imagens\/resumo-alma-gemea-logo-novela-250x140.jpg 250w, https:\/\/migracao.redenoticia.com.br\/noticia\/imagens\/resumo-alma-gemea-logo-novela-400x225.jpg 400w, https:\/\/migracao.redenoticia.com.br\/noticia\/imagens\/resumo-alma-gemea-logo-novela-768x432.jpg 768w, https:\/\/migracao.redenoticia.com.br\/noticia\/imagens\/resumo-alma-gemea-logo-novela-150x85.jpg 150w\" sizes=\"auto, (max-width: 1280px) 100vw, 1280px\" \/><\/p>\n<p><em><strong>Resumo da novela &#8220;Alma G\u00eamea&#8221;<\/strong><\/em> em 07\/05: no cap\u00edtulo 007(*) da novela, Jacira \u00e9 morta por uma on\u00e7a, para desespero de Serena. Jos\u00e9 Aristides pede que Serena se case com ele, agora que n\u00e3o tem ningu\u00e9m no mundo. Mirna fala para seu irm\u00e3o Crispim que quer arrumar um namorado para n\u00e3o ficar encalhada. Crispim diz a Mirna que \u00e9 ele quem vai escolher o namorado dela. Ol\u00edvia conta para Rafael que vai dar uma festa de anivers\u00e1rio de casamento surpresa para Raul e o intima a ir. Rafael agradece Ab\u00edlio por cuidar dos neg\u00f3cios. Felipe procura Eduardo e diz que quer ver o pai feliz. Zulmira vai \u00e0 pens\u00e3o de Divina procurar uma pessoa para ajud\u00e1-la nos servi\u00e7os de casa. Eduardo pede a ajuda de Vera e Ol\u00edvia para arrumar uma namorada para Rafael. Ol\u00edvia garante que vai apresentar Rafael para uma mulher deslumbrante em sua festa. <\/p>\n<p>Rafael n\u00e3o entende porque a roseira de Luna n\u00e3o d\u00e1 mais flor. Jos\u00e9 Aristides conta para Serena que os brancos est\u00e3o querendo expulsar os \u00edndios das terras. Serena descobre que Josias \u00e9 o l\u00edder dos garimpeiros e vai \u00e0 procura do pai para pedir por seu povo. Josias trata Serena mal e afirma que n\u00e3o tem filha mesti\u00e7a. Adelaide e Agnes comentam o quanto Cristina mudou e se tornou boa. D\u00e9bora fala para Cristina que ela precisa se casar com Rafael pois corre riscos caso Guto saia da cadeia. Guto avisa Cristina que foi solto. Os garimpeiros invadem a terra da tribo de Serena. Josias defende Serena e manda ela fugir. Serena v\u00ea que Cleyde est\u00e1 presa na escola e vai salv\u00e1-la. Um peda\u00e7o do telhado cai sobre Serena, que desmaia. Jos\u00e9 Aristides, que v\u00ea a cena, corre para salv\u00e1-la.<\/p>\n<p>(*) edi\u00e7\u00e3o das novelas da Globo, &#8220;Alma G\u00eamea&#8221;, sujeito a altera\u00e7\u00e3o de data e conte\u00fado.<\/p>\n<p>Sinopse &#8220;Alma G\u00eamea&#8221;: Rafael e Luna casam-se e t\u00eam um filho, mas a felicidade \u00e9 invejada por Cristina. Em um passeio, Rafael reage a um assalto e um dos ladr\u00f5es, que \u00e9 conhecido de Cristina, atira. Luna morre. Enquanto Rafael se desespera com a perda de Luna, em um lugar bem distante dali, nasce a menina Serena, filha de uma \u00edndia com um garimpeiro. Ela cresce em uma aldeia ind\u00edgena e tem vis\u00f5es. <\/p>\n<p>Vinte anos se passam da morte de Luna. Serena consegue trabalho como empregada na mans\u00e3o de Rafael. Serena tem em seu corpo uma marca de nascen\u00e7a, no mesmo lugar em que Luna levou o tiro. A trama segue envolta em mist\u00e9rios e marcada por fatos inexplic\u00e1veis. Rafael passa a acreditar que Serena \u00e9 de fato a reencarna\u00e7\u00e3o de Luna, se apaixona por ela e a pede em casamento. Cristina e sua m\u00e3e D\u00e9bora percebem que Serena representa uma amea\u00e7a, e a novela segue com as duas tramando de tudo para separar os dois. <\/p>\n","protected":false},"excerpt":{"rendered":"<p>Resumo da novela &#8220;Alma G\u00eamea&#8221; em 07\/05: no cap\u00edtulo 007(*) da novela, Jacira \u00e9 morta por uma on\u00e7a, para desespero de Serena. Jos\u00e9 Aristides pede que Serena se case com ele, agora que n\u00e3o tem ningu\u00e9m no mundo. Mirna fala para seu irm\u00e3o Crispim que quer arrumar um namorado para n\u00e3o ficar encalhada. Crispim diz [&hellip;]<\/p>\n","protected":false},"author":5,"featured_media":244165,"comment_status":"closed","ping_status":"closed","sticky":false,"template":"","format":"standard","meta":{"tdm_status":"","tdm_grid_status":"","footnotes":""},"categories":[2328,379,375,2025,343],"tags":[441],"class_list":{"0":"post-244421","1":"post","2":"type-post","3":"status-publish","4":"format-standard","5":"has-post-thumbnail","7":"category-alma-gemea","8":"category-novelas","9":"category-rede-globo","10":"category-resumo","11":"category-televisao","12":"tag-resumo-do-dia"},"_links":{"self":[{"href":"https:\/\/migracao.redenoticia.com.br\/noticia\/wp-json\/wp\/v2\/posts\/244421","targetHints":{"allow":["GET"]}}],"collection":[{"href":"https:\/\/migracao.redenoticia.com.br\/noticia\/wp-json\/wp\/v2\/posts"}],"about":[{"href":"https:\/\/migracao.redenoticia.com.br\/noticia\/wp-json\/wp\/v2\/types\/post"}],"author":[{"embeddable":true,"href":"https:\/\/migracao.redenoticia.com.br\/noticia\/wp-json\/wp\/v2\/users\/5"}],"replies":[{"embeddable":true,"href":"https:\/\/migracao.redenoticia.com.br\/noticia\/wp-json\/wp\/v2\/comments?post=244421"}],"version-history":[{"count":0,"href":"https:\/\/migracao.redenoticia.com.br\/noticia\/wp-json\/wp\/v2\/posts\/244421\/revisions"}],"wp:featuredmedia":[{"embeddable":true,"href":"https:\/\/migracao.redenoticia.com.br\/noticia\/wp-json\/wp\/v2\/media\/244165"}],"wp:attachment":[{"href":"https:\/\/migracao.redenoticia.com.br\/noticia\/wp-json\/wp\/v2\/media?parent=244421"}],"wp:term":[{"taxonomy":"category","embeddable":true,"href":"https:\/\/migracao.redenoticia.com.br\/noticia\/wp-json\/wp\/v2\/categories?post=244421"},{"taxonomy":"post_tag","embeddable":true,"href":"https:\/\/migracao.redenoticia.com.br\/noticia\/wp-json\/wp\/v2\/tags?post=244421"}],"curies":[{"name":"wp","href":"https:\/\/api.w.org\/{rel}","templated":true}]}}