{"id":244471,"date":"2024-05-08T14:04:50","date_gmt":"2024-05-08T17:04:50","guid":{"rendered":"https:\/\/www.redenoticia.com.br\/noticia\/?p=244471"},"modified":"2024-05-08T14:04:50","modified_gmt":"2024-05-08T17:04:50","slug":"resumo-alma-gemea-09-05-o-capataz-se-aproxima-de-serena","status":"publish","type":"post","link":"https:\/\/migracao.redenoticia.com.br\/noticia\/2024\/resumo-alma-gemea-09-05-o-capataz-se-aproxima-de-serena\/244471","title":{"rendered":"Resumo &#8220;Alma G\u00eamea&#8221; 09\/05: O capataz se aproxima de Serena"},"content":{"rendered":"<p> <img loading=\"lazy\" decoding=\"async\" src=\"https:\/\/migracao.redenoticia.com.br\/noticia\/imagens\/resumo-alma-gemea-logo-novela.jpg\" alt=\"\" width=\"1280\" height=\"720\" class=\"aligncenter size-full wp-image-244166\" srcset=\"https:\/\/migracao.redenoticia.com.br\/noticia\/imagens\/resumo-alma-gemea-logo-novela.jpg 1280w, https:\/\/migracao.redenoticia.com.br\/noticia\/imagens\/resumo-alma-gemea-logo-novela-250x140.jpg 250w, https:\/\/migracao.redenoticia.com.br\/noticia\/imagens\/resumo-alma-gemea-logo-novela-400x225.jpg 400w, https:\/\/migracao.redenoticia.com.br\/noticia\/imagens\/resumo-alma-gemea-logo-novela-768x432.jpg 768w, https:\/\/migracao.redenoticia.com.br\/noticia\/imagens\/resumo-alma-gemea-logo-novela-150x85.jpg 150w\" sizes=\"auto, (max-width: 1280px) 100vw, 1280px\" \/><\/p>\n<p><em><strong>Resumo da novela &#8220;Alma G\u00eamea&#8221;<\/strong><\/em> em 09\/05: no cap\u00edtulo 009(*) da novela, O capataz comenta com um pe\u00e3o que est\u00e1 interessado em Serena. Rafael fala para Ol\u00edvia que n\u00e3o quer namorar ningu\u00e9m e reafirma que jamais esquecer\u00e1 Luna. Felipe confessa para Rafael que acha estranha sua obsess\u00e3o por Luna e o pai diz sentir que alguma coisa boa vai acontecer. Ol\u00edvia pede a ajuda de Eduardo para encontrar Raul. Gumercindo ri porque Raul n\u00e3o apareceu na pr\u00f3pria festa. Mirella fica furiosa e o suja de chocolate. O capataz observa Serena tomando banho de rio. Ol\u00edvia procura por Raul na cidade toda e n\u00e3o o encontra. Raul finalmente chega em casa e Ol\u00edvia pergunta onde ele estava. D\u00e9bora garante a Cristina que Raul tem uma amante e a manda descobrir quem \u00e9 porque s\u00f3 assim conseguir\u00e1 tirar Ol\u00edvia do seu caminho. <\/p>\n<p>O capataz se aproxima de Serena, que foge e o capataz, furioso, manda todos os pe\u00f5es perseguirem a mesti\u00e7a. Serena se refugia em cima de um telhado. Ol\u00edvia exige que Raul lhe diga onde estava. Cristina faz perguntas sobre a festa a Rafael ,que se irrita com o interrogat\u00f3rio. Cristina estranha, pois Rafael nunca a tratara assim antes. Rafael conta para Eduardo que tem se sentido inquieto e acha que algo em sua vida vai mudar. Raul fala para Ol\u00edvia que estava fazendo neg\u00f3cios em S\u00e3o Paulo, ficou preso por causa da chuva e que ela \u00e9 a culpada, pois fez a festa sem lhe avisar. Ol\u00edvia se sente culpada e chora. O telhado cede e Serena cai dentro da casa.<\/p>\n<p>(*) edi\u00e7\u00e3o das novelas da Globo, &#8220;Alma G\u00eamea&#8221;, sujeito a altera\u00e7\u00e3o de data e conte\u00fado.<\/p>\n<p>Sinopse &#8220;Alma G\u00eamea&#8221;: Rafael e Luna casam-se e t\u00eam um filho, mas a felicidade \u00e9 invejada por Cristina. Em um passeio, Rafael reage a um assalto e um dos ladr\u00f5es, que \u00e9 conhecido de Cristina, atira. Luna morre. Enquanto Rafael se desespera com a perda de Luna, em um lugar bem distante dali, nasce a menina Serena, filha de uma \u00edndia com um garimpeiro. Ela cresce em uma aldeia ind\u00edgena e tem vis\u00f5es. <\/p>\n<p>Vinte anos se passam da morte de Luna. Serena consegue trabalho como empregada na mans\u00e3o de Rafael. Serena tem em seu corpo uma marca de nascen\u00e7a, no mesmo lugar em que Luna levou o tiro. A trama segue envolta em mist\u00e9rios e marcada por fatos inexplic\u00e1veis. Rafael passa a acreditar que Serena \u00e9 de fato a reencarna\u00e7\u00e3o de Luna, se apaixona por ela e a pede em casamento. Cristina e sua m\u00e3e D\u00e9bora percebem que Serena representa uma amea\u00e7a, e a novela segue com as duas tramando de tudo para separar os dois.<\/p>\n","protected":false},"excerpt":{"rendered":"<p>Resumo da novela &#8220;Alma G\u00eamea&#8221; em 09\/05: no cap\u00edtulo 009(*) da novela, O capataz comenta com um pe\u00e3o que est\u00e1 interessado em Serena. Rafael fala para Ol\u00edvia que n\u00e3o quer namorar ningu\u00e9m e reafirma que jamais esquecer\u00e1 Luna. Felipe confessa para Rafael que acha estranha sua obsess\u00e3o por Luna e o pai diz sentir que [&hellip;]<\/p>\n","protected":false},"author":5,"featured_media":244165,"comment_status":"closed","ping_status":"closed","sticky":false,"template":"","format":"standard","meta":{"tdm_status":"","tdm_grid_status":"","footnotes":""},"categories":[2328,379,375,2025,343],"tags":[441],"class_list":{"0":"post-244471","1":"post","2":"type-post","3":"status-publish","4":"format-standard","5":"has-post-thumbnail","7":"category-alma-gemea","8":"category-novelas","9":"category-rede-globo","10":"category-resumo","11":"category-televisao","12":"tag-resumo-do-dia"},"_links":{"self":[{"href":"https:\/\/migracao.redenoticia.com.br\/noticia\/wp-json\/wp\/v2\/posts\/244471","targetHints":{"allow":["GET"]}}],"collection":[{"href":"https:\/\/migracao.redenoticia.com.br\/noticia\/wp-json\/wp\/v2\/posts"}],"about":[{"href":"https:\/\/migracao.redenoticia.com.br\/noticia\/wp-json\/wp\/v2\/types\/post"}],"author":[{"embeddable":true,"href":"https:\/\/migracao.redenoticia.com.br\/noticia\/wp-json\/wp\/v2\/users\/5"}],"replies":[{"embeddable":true,"href":"https:\/\/migracao.redenoticia.com.br\/noticia\/wp-json\/wp\/v2\/comments?post=244471"}],"version-history":[{"count":0,"href":"https:\/\/migracao.redenoticia.com.br\/noticia\/wp-json\/wp\/v2\/posts\/244471\/revisions"}],"wp:featuredmedia":[{"embeddable":true,"href":"https:\/\/migracao.redenoticia.com.br\/noticia\/wp-json\/wp\/v2\/media\/244165"}],"wp:attachment":[{"href":"https:\/\/migracao.redenoticia.com.br\/noticia\/wp-json\/wp\/v2\/media?parent=244471"}],"wp:term":[{"taxonomy":"category","embeddable":true,"href":"https:\/\/migracao.redenoticia.com.br\/noticia\/wp-json\/wp\/v2\/categories?post=244471"},{"taxonomy":"post_tag","embeddable":true,"href":"https:\/\/migracao.redenoticia.com.br\/noticia\/wp-json\/wp\/v2\/tags?post=244471"}],"curies":[{"name":"wp","href":"https:\/\/api.w.org\/{rel}","templated":true}]}}