{"id":244496,"date":"2024-05-09T14:27:37","date_gmt":"2024-05-09T17:27:37","guid":{"rendered":"https:\/\/www.redenoticia.com.br\/noticia\/?p=244496"},"modified":"2024-05-09T14:27:37","modified_gmt":"2024-05-09T17:27:37","slug":"resumo-contigo-sim-10-05-angela-revela-a-leonardo-que-seu-marido-se-casou-com-samanta","status":"publish","type":"post","link":"https:\/\/migracao.redenoticia.com.br\/noticia\/2024\/resumo-contigo-sim-10-05-angela-revela-a-leonardo-que-seu-marido-se-casou-com-samanta\/244496","title":{"rendered":"Resumo \u201cContigo Sim\u201d 10\/05: \u00c1ngela revela a Leonardo que seu marido se casou com Samanta"},"content":{"rendered":"<p> <img loading=\"lazy\" decoding=\"async\" src=\"https:\/\/migracao.redenoticia.com.br\/noticia\/imagens\/novela-contigo-sim-capitulo-resumo.jpg\" alt=\"\" width=\"1280\" height=\"720\" class=\"aligncenter size-full wp-image-243831\" srcset=\"https:\/\/migracao.redenoticia.com.br\/noticia\/imagens\/novela-contigo-sim-capitulo-resumo.jpg 1280w, https:\/\/migracao.redenoticia.com.br\/noticia\/imagens\/novela-contigo-sim-capitulo-resumo-250x140.jpg 250w, https:\/\/migracao.redenoticia.com.br\/noticia\/imagens\/novela-contigo-sim-capitulo-resumo-400x225.jpg 400w, https:\/\/migracao.redenoticia.com.br\/noticia\/imagens\/novela-contigo-sim-capitulo-resumo-768x432.jpg 768w, https:\/\/migracao.redenoticia.com.br\/noticia\/imagens\/novela-contigo-sim-capitulo-resumo-150x85.jpg 150w\" sizes=\"auto, (max-width: 1280px) 100vw, 1280px\" \/>    <\/p>\n<p><strong><em>Resumo da novela \u201cContigo Sim\u201d<\/em><\/strong> em 10\/05: no cap\u00edtulo 015(*) da novela, Mirta descobre que uma de suas pernas pode ficar gangrenada. \u00c1ngela procura os pais de Samanta e se apresenta como esposa leg\u00edtima de \u00c1lvaro. Dr. Ugarte informa a Beatriz e Gerardo que o c\u00e2ncer se met\u00e1stase e j\u00e1 est\u00e1 invadindo parte da estrutura \u00f3ssea, \u00c1ngela descobre que a m\u00e3e de Samanta est\u00e1 com uma doen\u00e7a grave e Sandro est\u00e1 prestes a perder a casa. Gerardo visita Leonardo em seu escrit\u00f3rio e informa que Beatriz tem pouco tempo de vida. Angela sofre de tontura.  <\/p>\n<p>\u00c1ngela revela a Leonardo que seu marido se casou com Samanta Vega, ent\u00e3o ao saber da not\u00edcia ele garante que sabe muito bem quem \u00e9 o homem que a traiu. \u00c1lvaro est\u00e1 desesperado porque n\u00e3o consegue encontrar Samanta. \u00c1lvaro confessa a Samanta que a mulher que gritou com ele na igreja \u00e9 \u00c1ngela Guti\u00e9rrez, sua ex-namorada. F\u00e9lix concorda em pagar a cirurgia de Memo e fugir de suas vidas em troca de Luz passar uma noite com ele. <\/p>\n<p>Samanta, ao saber que \u00c1lvaro mentiu para ela, n\u00e3o quer saber nada sobre ele, mas em sua defesa garante que \u00c1ngela est\u00e1 obcecada por isso foi procur\u00e1-lo na igreja. An\u00edbal faz \u00c1ngela posar com roupas sensuais, mas ao ver que a modelo com quem vai aparecer nas fotos tenta beij\u00e1-la, ela o rejeita e se recusa a continuar trabalhando. \u00c1ngela inicia o processo de div\u00f3rcio e \u00c1lvaro resgata Samanta da maldade de alguns homens.<\/p>\n<p>(*) edi\u00e7\u00e3o das novelas do SBT, \u201cContigo Sim\u201d, sujeito a altera\u00e7\u00e3o de data e conte\u00fado.<\/p>\n<p>Sinopse: \u201cContigo Sim\u201d conta a hist\u00f3ria de \u00c1ngela (Alejandra Robles Gil), que \u00e9 enfermeira e estudante de medicina. Ela \u00e9 seduzida por \u00c1lvaro (Danilo Carrera), um jovem ambicioso que visita sua cidade em viagem de neg\u00f3cios para construir um hospital. \u00c1ngela e \u00c1lvaro se casam, mas ele a abandona e volta para a Cidade do M\u00e9xico, onde fica noivo de Samantha (B\u00e1rbara Islas) e se casa com ela tamb\u00e9m. \u00c1ngela decide ir para a Cidade do M\u00e9xico em busca de \u00c1lvaro, ela descobre o engano e conhece Leonardo (Brandon Peniche), um m\u00e9dico que se apaixona por ela e passa a ser seu protetor. \u00c1ngela lutar\u00e1 incansavelmente contra as adversidades do destino, na busca pelo amor verdadeiro.<\/p>\n","protected":false},"excerpt":{"rendered":"<p>Resumo da novela \u201cContigo Sim\u201d em 10\/05: no cap\u00edtulo 015(*) da novela, Mirta descobre que uma de suas pernas pode ficar gangrenada. \u00c1ngela procura os pais de Samanta e se apresenta como esposa leg\u00edtima de \u00c1lvaro. Dr. Ugarte informa a Beatriz e Gerardo que o c\u00e2ncer se met\u00e1stase e j\u00e1 est\u00e1 invadindo parte da estrutura [&hellip;]<\/p>\n","protected":false},"author":2,"featured_media":243830,"comment_status":"closed","ping_status":"closed","sticky":false,"template":"","format":"standard","meta":{"tdm_status":"","tdm_grid_status":"","footnotes":""},"categories":[2327,379,2025,372,343],"tags":[441],"class_list":{"0":"post-244496","1":"post","2":"type-post","3":"status-publish","4":"format-standard","5":"has-post-thumbnail","7":"category-contigo-sim","8":"category-novelas","9":"category-resumo","10":"category-sbt","11":"category-televisao","12":"tag-resumo-do-dia"},"_links":{"self":[{"href":"https:\/\/migracao.redenoticia.com.br\/noticia\/wp-json\/wp\/v2\/posts\/244496","targetHints":{"allow":["GET"]}}],"collection":[{"href":"https:\/\/migracao.redenoticia.com.br\/noticia\/wp-json\/wp\/v2\/posts"}],"about":[{"href":"https:\/\/migracao.redenoticia.com.br\/noticia\/wp-json\/wp\/v2\/types\/post"}],"author":[{"embeddable":true,"href":"https:\/\/migracao.redenoticia.com.br\/noticia\/wp-json\/wp\/v2\/users\/2"}],"replies":[{"embeddable":true,"href":"https:\/\/migracao.redenoticia.com.br\/noticia\/wp-json\/wp\/v2\/comments?post=244496"}],"version-history":[{"count":0,"href":"https:\/\/migracao.redenoticia.com.br\/noticia\/wp-json\/wp\/v2\/posts\/244496\/revisions"}],"wp:featuredmedia":[{"embeddable":true,"href":"https:\/\/migracao.redenoticia.com.br\/noticia\/wp-json\/wp\/v2\/media\/243830"}],"wp:attachment":[{"href":"https:\/\/migracao.redenoticia.com.br\/noticia\/wp-json\/wp\/v2\/media?parent=244496"}],"wp:term":[{"taxonomy":"category","embeddable":true,"href":"https:\/\/migracao.redenoticia.com.br\/noticia\/wp-json\/wp\/v2\/categories?post=244496"},{"taxonomy":"post_tag","embeddable":true,"href":"https:\/\/migracao.redenoticia.com.br\/noticia\/wp-json\/wp\/v2\/tags?post=244496"}],"curies":[{"name":"wp","href":"https:\/\/api.w.org\/{rel}","templated":true}]}}