{"id":2448,"date":"2009-06-05T20:56:07","date_gmt":"2009-06-06T00:56:07","guid":{"rendered":"http:\/\/www.redenoticia.com.br\/noticia\/?p=2448"},"modified":"2009-06-05T20:56:07","modified_gmt":"2009-06-06T00:56:07","slug":"aneel-da-sinal-verde-para-construcao-da-hidreletrica-de-jirau","status":"publish","type":"post","link":"https:\/\/migracao.redenoticia.com.br\/noticia\/2009\/aneel-da-sinal-verde-para-construcao-da-hidreletrica-de-jirau\/2448","title":{"rendered":"Aneel d\u00e1 sinal verde para constru\u00e7\u00e3o da Hidrel\u00e9trica de Jirau"},"content":{"rendered":"<p><span class=\"assinatura11\"><\/span><span style=\"font-size: 11pt; font-family: Arial;\">A Ag\u00eancia Nacional de Energia El\u00e9trica (Aneel) aprovou o projeto b\u00e1sico da Usina Hidrel\u00e9trica de Jirau, que ser\u00e1 constru\u00edda no Rio Madeira (Rond\u00f4nia). O despacho foi publicado hoje (5) no <em>Di\u00e1rio Oficial da Uni\u00e3o<\/em>.<\/p>\n<p>Com essa decis\u00e3o, a concession\u00e1ria Energia Sustent\u00e1vel do Brasil pode dar continuidade a todas as etapas da constru\u00e7\u00e3o da usina. Na \u00faltima quarta-feira (3), o Instituto Brasileiro do Meio Ambiente e dos Recursos Naturais Renov\u00e1veis (Ibama) <a href=\"http:\/\/www.agenciabrasil.gov.br\/noticias\/2009\/06\/03\/materia.2009-06-03.9838669695\/view\" target=\"_self\"><span style=\"color: windowtext;\">emitiu a licen\u00e7a de instala\u00e7\u00e3o<\/span><\/a> para o empreendimento, e a Ag\u00eancia Nacional de \u00c1guas concedeu a outorga para a obra em abril deste ano.<\/p>\n<p>A Aneel considerou que o projeto da obra atende \u00e0s exig\u00eancias t\u00e9cnicas e normas legais do contrato de concess\u00e3o. A an\u00e1lise do projeto da Usina de Jirau foi finalizada em mar\u00e7o, mas s\u00f3 foi publicada agora porque a ag\u00eancia estava aguardando a emiss\u00e3o da licen\u00e7a ambiental do Ibama.<\/p>\n<p>O cronograma da obra prev\u00ea que as tr\u00eas primeiras unidades geradoras da usina dever\u00e3o entrar em opera\u00e7\u00e3o comercial em janeiro de 2013. A Hidrel\u00e9trica de Jirau ter\u00e1 uma pot\u00eancia de 3,3 mil megawats e uma energia assegurada de 1,9 mil MW m\u00e9dios. O custo total da obra est\u00e1 or\u00e7ado em R$ 9 bilh\u00f5es. <\/span><\/p>\n<p class=\"MsoNormal\" style=\"margin-bottom: 12pt;\"><span class=\"assinatura11\"><span style=\"font-size: 11pt; font-family: Arial; color: windowtext;\"><!-- .replace('','').replace('\n\n','') -->Sabrina Craide <\/span><\/span><span style=\"font-size: 11pt; font-family: Arial;\"><br \/>\n<span class=\"assinatura11\"><em><span style=\"font-family: Arial; color: windowtext;\">Rep\u00f3rter da Ag\u00eancia Brasil<\/span><\/em><\/span><span class=\"assinatura11\"><span style=\"font-family: Arial; color: windowtext;\"> <\/span><\/span><\/span><\/p>\n","protected":false},"excerpt":{"rendered":"<p>A Ag\u00eancia Nacional de Energia El\u00e9trica (Aneel) aprovou o projeto b\u00e1sico da Usina Hidrel\u00e9trica de Jirau, que ser\u00e1 constru\u00edda no Rio Madeira (Rond\u00f4nia). O despacho foi publicado hoje (5) no Di\u00e1rio Oficial da Uni\u00e3o. Com essa decis\u00e3o, a concession\u00e1ria Energia Sustent\u00e1vel do Brasil pode dar continuidade a todas as etapas da constru\u00e7\u00e3o da usina. Na [&hellip;]<\/p>\n","protected":false},"author":3,"featured_media":0,"comment_status":"open","ping_status":"open","sticky":false,"template":"","format":"standard","meta":{"tdm_status":"","tdm_grid_status":"","footnotes":""},"categories":[22],"tags":[],"class_list":{"0":"post-2448","1":"post","2":"type-post","3":"status-publish","4":"format-standard","6":"category-brasil"},"_links":{"self":[{"href":"https:\/\/migracao.redenoticia.com.br\/noticia\/wp-json\/wp\/v2\/posts\/2448","targetHints":{"allow":["GET"]}}],"collection":[{"href":"https:\/\/migracao.redenoticia.com.br\/noticia\/wp-json\/wp\/v2\/posts"}],"about":[{"href":"https:\/\/migracao.redenoticia.com.br\/noticia\/wp-json\/wp\/v2\/types\/post"}],"author":[{"embeddable":true,"href":"https:\/\/migracao.redenoticia.com.br\/noticia\/wp-json\/wp\/v2\/users\/3"}],"replies":[{"embeddable":true,"href":"https:\/\/migracao.redenoticia.com.br\/noticia\/wp-json\/wp\/v2\/comments?post=2448"}],"version-history":[{"count":0,"href":"https:\/\/migracao.redenoticia.com.br\/noticia\/wp-json\/wp\/v2\/posts\/2448\/revisions"}],"wp:attachment":[{"href":"https:\/\/migracao.redenoticia.com.br\/noticia\/wp-json\/wp\/v2\/media?parent=2448"}],"wp:term":[{"taxonomy":"category","embeddable":true,"href":"https:\/\/migracao.redenoticia.com.br\/noticia\/wp-json\/wp\/v2\/categories?post=2448"},{"taxonomy":"post_tag","embeddable":true,"href":"https:\/\/migracao.redenoticia.com.br\/noticia\/wp-json\/wp\/v2\/tags?post=2448"}],"curies":[{"name":"wp","href":"https:\/\/api.w.org\/{rel}","templated":true}]}}