{"id":245044,"date":"2024-06-03T16:31:13","date_gmt":"2024-06-03T19:31:13","guid":{"rendered":"https:\/\/www.redenoticia.com.br\/noticia\/?p=245044"},"modified":"2024-06-03T16:31:13","modified_gmt":"2024-06-03T19:31:13","slug":"resumo-alma-gemea-04-06-rafael-afirma-para-eduardo-que-vai-esquecer-serena","status":"publish","type":"post","link":"https:\/\/migracao.redenoticia.com.br\/noticia\/2024\/resumo-alma-gemea-04-06-rafael-afirma-para-eduardo-que-vai-esquecer-serena\/245044","title":{"rendered":"Resumo &#8220;Alma G\u00eamea&#8221; 04\/06: Rafael afirma para Eduardo que vai esquecer Serena"},"content":{"rendered":"<p> <img loading=\"lazy\" decoding=\"async\" src=\"https:\/\/migracao.redenoticia.com.br\/noticia\/imagens\/resumo-alma-gemea-logo-novela.jpg\" alt=\"\" width=\"1280\" height=\"720\" class=\"aligncenter size-full wp-image-244166\" srcset=\"https:\/\/migracao.redenoticia.com.br\/noticia\/imagens\/resumo-alma-gemea-logo-novela.jpg 1280w, https:\/\/migracao.redenoticia.com.br\/noticia\/imagens\/resumo-alma-gemea-logo-novela-250x140.jpg 250w, https:\/\/migracao.redenoticia.com.br\/noticia\/imagens\/resumo-alma-gemea-logo-novela-400x225.jpg 400w, https:\/\/migracao.redenoticia.com.br\/noticia\/imagens\/resumo-alma-gemea-logo-novela-768x432.jpg 768w, https:\/\/migracao.redenoticia.com.br\/noticia\/imagens\/resumo-alma-gemea-logo-novela-150x85.jpg 150w\" sizes=\"auto, (max-width: 1280px) 100vw, 1280px\" \/><\/p>\n<p><em><strong>Resumo da novela &#8220;Alma G\u00eamea&#8221;<\/strong><\/em> em 04\/06: no cap\u00edtulo 027(*) da novela, H\u00e9lio explica para Rafael que ele e Ter\u00ea est\u00e3o visitando Serena. Rafael confia em Serena e esquece seus ci\u00fames. Serena acha que Rafael vai gostar de v\u00ea-la com um penteado igual ao de Luna. Rafael pede que Luna d\u00ea algum sinal que mostre se Serena \u00e9 mesmo sua reencarna\u00e7\u00e3o. Guto v\u00ea Ter\u00ea saindo da casa de Rafael. Ter\u00ea explica que estava visitando uma amiga. Guto fala para Ter\u00ea que um dia vai pedir que pegue algo dentro daquela casa. Ol\u00edvia pensa na discuss\u00e3o que teve com Vit\u00f3rio e fica perturbada. Dalila confessa para Roberval que est\u00e1 preocupada, pois Raul diz que n\u00e3o vai se casar com agora. <\/p>\n<p>Roberval se oferece para ser seu marido, mas ela recusa novamente. Osvaldo v\u00ea Roberval conversando com Dalila e manda que parar de importunar sua filha. Generosa se interessa por Alaor e ele fica constrangido. Felipe fala para Mirella que a ama. Rafael n\u00e3o gosta de ver H\u00e9lio na festa. Cristina afirma que Serena deve ter convidado H\u00e9lio. Serena surge na festa com o cabelo e o vestido iguais aos que Luna usava no dia em que morreu. Agnes fica indignada e acusa Serena de ser uma farsante. Rafael manda Serena tirar o vestido e diz que ela parece uma caricatura de Luna. Alguns convidados riem de Serena e ela vai embora correndo. Rafael guarda o anel que ia dar para Serena e desiste de pedi-la em casamento. Cristina fala para Rafael que vai estar sempre esperando por ele. Serena fala para H\u00e9lio que n\u00e3o devia ter sa\u00eddo de sua aldeia.<\/p>\n<p> Serena conta para H\u00e9lio que achou que seu destino era trazer a alegria de volta para a vida de Rafael, mas agora n\u00e3o sabe mais o que fazer. Cristina afirma para Agnes e Adelaide que Serena escolheu sozinha o vestido e o penteado que queria usar, e n\u00e3o os mostrou para ningu\u00e9m at\u00e9 a hora da festa. Felipe afirma que Serena n\u00e3o \u00e9 uma farsante, mas Agnes diz que ele n\u00e3o conhece nada da vida. Ol\u00edvia afirma para Rafael que talvez haja alguma explica\u00e7\u00e3o para o que aconteceu, o aconselha a procurar Serena e deixar que ela se explique. D\u00e9bora e Cristina riem ao lembrar do vexame que Serena passou. Adelaide acusa Cristina de n\u00e3o ter cora\u00e7\u00e3o. Cristina fala para Adelaide que quem n\u00e3o tem cora\u00e7\u00e3o \u00e9 ela, pois sempre preferiu Luna. Adelaide pergunta a Cristina at\u00e9 onde ela iria para conseguir as j\u00f3ias que Luna ganhou. <\/p>\n<p>Cristina teme que Adelaide desconfie que ela roubou as j\u00f3ias de Luna. H\u00e9lio se preocupa com Serena. Serena chora por Rafael. D\u00e9bora garante a Cristina que Adelaide jamais descobrir\u00e1 nada sobre as j\u00f3ias se ela as mantiver bem escondidas. Eduardo recebe uma de suas cartas misteriosas. Judith consola Eduardo, mas ele afirma que ningu\u00e9m pode ajudar. Mirna faz os preparativos da festa de casamento de Doralice. Rafael afirma para Eduardo que vai esquecer Serena. Guto exige dinheiro de Cristina. Gumercindo conta para K\u00e1tia que ouviu Dalila dizendo que estava gr\u00e1vida. Vit\u00f3rio ouve e conta a Osvaldo. Osvaldo exige que Dalila diga quem a engravidou. Dalila afirma que foi Roberval. Adelaide fala para Rafael que acha que Serena \u00e9 inocente e o aconselha a procur\u00e1-la.<\/p>\n<p>(*) edi\u00e7\u00e3o das novelas da Globo, &#8220;Alma G\u00eamea&#8221;, sujeito a altera\u00e7\u00e3o de data e conte\u00fado.<\/p>\n<p>Sinopse &#8220;Alma G\u00eamea&#8221;: Rafael e Luna casam-se e t\u00eam um filho, mas a felicidade \u00e9 invejada por Cristina. Em um passeio, Rafael reage a um assalto e um dos ladr\u00f5es, que \u00e9 conhecido de Cristina, atira. Luna morre. Enquanto Rafael se desespera com a perda de Luna, em um lugar bem distante dali, nasce a menina Serena, filha de uma \u00edndia com um garimpeiro. Ela cresce em uma aldeia ind\u00edgena e tem vis\u00f5es. <\/p>\n<p>Vinte anos se passam da morte de Luna. Serena consegue trabalho como empregada na mans\u00e3o de Rafael. Serena tem em seu corpo uma marca de nascen\u00e7a, no mesmo lugar em que Luna levou o tiro. A trama segue envolta em mist\u00e9rios e marcada por fatos inexplic\u00e1veis. Rafael passa a acreditar que Serena \u00e9 de fato a reencarna\u00e7\u00e3o de Luna, se apaixona por ela e a pede em casamento. Cristina e sua m\u00e3e D\u00e9bora percebem que Serena representa uma amea\u00e7a, e a novela segue com as duas tramando de tudo para separar os dois.<\/p>\n","protected":false},"excerpt":{"rendered":"<p>Resumo da novela &#8220;Alma G\u00eamea&#8221; em 04\/06: no cap\u00edtulo 027(*) da novela, H\u00e9lio explica para Rafael que ele e Ter\u00ea est\u00e3o visitando Serena. Rafael confia em Serena e esquece seus ci\u00fames. Serena acha que Rafael vai gostar de v\u00ea-la com um penteado igual ao de Luna. Rafael pede que Luna d\u00ea algum sinal que mostre [&hellip;]<\/p>\n","protected":false},"author":5,"featured_media":244165,"comment_status":"closed","ping_status":"closed","sticky":false,"template":"","format":"standard","meta":{"tdm_status":"","tdm_grid_status":"","footnotes":""},"categories":[2328,379,375,2025,343],"tags":[441],"class_list":{"0":"post-245044","1":"post","2":"type-post","3":"status-publish","4":"format-standard","5":"has-post-thumbnail","7":"category-alma-gemea","8":"category-novelas","9":"category-rede-globo","10":"category-resumo","11":"category-televisao","12":"tag-resumo-do-dia"},"_links":{"self":[{"href":"https:\/\/migracao.redenoticia.com.br\/noticia\/wp-json\/wp\/v2\/posts\/245044","targetHints":{"allow":["GET"]}}],"collection":[{"href":"https:\/\/migracao.redenoticia.com.br\/noticia\/wp-json\/wp\/v2\/posts"}],"about":[{"href":"https:\/\/migracao.redenoticia.com.br\/noticia\/wp-json\/wp\/v2\/types\/post"}],"author":[{"embeddable":true,"href":"https:\/\/migracao.redenoticia.com.br\/noticia\/wp-json\/wp\/v2\/users\/5"}],"replies":[{"embeddable":true,"href":"https:\/\/migracao.redenoticia.com.br\/noticia\/wp-json\/wp\/v2\/comments?post=245044"}],"version-history":[{"count":0,"href":"https:\/\/migracao.redenoticia.com.br\/noticia\/wp-json\/wp\/v2\/posts\/245044\/revisions"}],"wp:featuredmedia":[{"embeddable":true,"href":"https:\/\/migracao.redenoticia.com.br\/noticia\/wp-json\/wp\/v2\/media\/244165"}],"wp:attachment":[{"href":"https:\/\/migracao.redenoticia.com.br\/noticia\/wp-json\/wp\/v2\/media?parent=245044"}],"wp:term":[{"taxonomy":"category","embeddable":true,"href":"https:\/\/migracao.redenoticia.com.br\/noticia\/wp-json\/wp\/v2\/categories?post=245044"},{"taxonomy":"post_tag","embeddable":true,"href":"https:\/\/migracao.redenoticia.com.br\/noticia\/wp-json\/wp\/v2\/tags?post=245044"}],"curies":[{"name":"wp","href":"https:\/\/api.w.org\/{rel}","templated":true}]}}