{"id":245119,"date":"2024-06-05T22:40:04","date_gmt":"2024-06-06T01:40:04","guid":{"rendered":"https:\/\/www.redenoticia.com.br\/noticia\/?p=245119"},"modified":"2024-06-05T22:40:04","modified_gmt":"2024-06-06T01:40:04","slug":"resumo-alma-gemea-06-06-rafael-fica-emocionado-com-a-atitude-de-serena","status":"publish","type":"post","link":"https:\/\/migracao.redenoticia.com.br\/noticia\/2024\/resumo-alma-gemea-06-06-rafael-fica-emocionado-com-a-atitude-de-serena\/245119","title":{"rendered":"Resumo &#8220;Alma G\u00eamea&#8221; 06\/06: Rafael fica emocionado com a atitude de Serena"},"content":{"rendered":"<p><img loading=\"lazy\" decoding=\"async\" src=\"https:\/\/migracao.redenoticia.com.br\/noticia\/imagens\/resumo-alma-gemea-logo-novela.jpg\" alt=\"\" width=\"1280\" height=\"720\" class=\"aligncenter size-full wp-image-244166\" srcset=\"https:\/\/migracao.redenoticia.com.br\/noticia\/imagens\/resumo-alma-gemea-logo-novela.jpg 1280w, https:\/\/migracao.redenoticia.com.br\/noticia\/imagens\/resumo-alma-gemea-logo-novela-250x140.jpg 250w, https:\/\/migracao.redenoticia.com.br\/noticia\/imagens\/resumo-alma-gemea-logo-novela-400x225.jpg 400w, https:\/\/migracao.redenoticia.com.br\/noticia\/imagens\/resumo-alma-gemea-logo-novela-768x432.jpg 768w, https:\/\/migracao.redenoticia.com.br\/noticia\/imagens\/resumo-alma-gemea-logo-novela-150x85.jpg 150w\" sizes=\"auto, (max-width: 1280px) 100vw, 1280px\" \/><\/p>\n<p><em><strong>Resumo da novela &#8220;Alma G\u00eamea&#8221;<\/strong><\/em> em 06\/06: no cap\u00edtulo 029(*) da novela, H\u00e9lio diz que Rafael saber\u00e1 aceit\u00e1-la se a amar de verdade. Dalila diz para Roberval que jamais o amar\u00e1. Rafael fala para Ol\u00edvia que vai dar o dinheiro que ela quer e ceder uma casa para montar o restaurante. Ol\u00edvia fica radiante, mas assina uma promiss\u00f3ria. Ivan, a mando de Cristina, d\u00e1 uma li\u00e7\u00e3o em Guto e corta o cabelo dele. Cristina fala para Guto que est\u00e1 farta de suas chantagens. Guto pede perd\u00e3o a Cristina e diz que quer se aliar a ela de novo. Cristina concorda. Amarildo fala para Mirna que n\u00e3o quer mais saber dela, deixando-a arrasada. Osvaldo obriga Of\u00e9lia a se mudar para a sala para dar seu quarto a Serena, deixando-a furiosa. Ol\u00edvia fala para Vit\u00f3rio que vai abrir um restaurante. <\/p>\n<p>Vit\u00f3rio se oferece para ser o cozinheiro, mas Ol\u00edvia diz que n\u00e3o pode contrat\u00e1-lo porque ele foi muito atrevido com ela. Vit\u00f3rio diz que a considera velha demais para ele. Ol\u00edvia fica arrasada e compra roupas mais ousadas para parecer mais jovem. Generosa fala para Divina que tem uma sobrinha que pode fazer o vestido de noiva de Dalila. Felipe diz a Rafael que ele n\u00e3o deveria mudar Serena. Rafael garante a Felipe que Serena vai aprender o que precisa saber com facilidade. Mirella se desespera ao saber que Ol\u00edvia gastou mais da metade do dinheiro que Rafael lhe deu em vestidos. Serena pede a Rafael que deixe Ter\u00ea morar na pens\u00e3o e ele concorda. A mesti\u00e7a tamb\u00e9m revela ao bot\u00e2nico que quer um emprego.<\/p>\n<p>Serena explica que ficaria sem orgulho se Rafael a sustentasse. Rafael fica emocionado com a atitude de Serena. Dalila conta para Raul que vai se casar com Roberval, mas que n\u00e3o vai desistir dele. Raul garante a Dalila que vai se casar com ela. Ol\u00edvia se arrepende de ter gasto dinheiro em vestidos, pois a casa que Rafael lhe cedeu precisa de reformas. Zulmira v\u00ea Cristina dando dinheiro a Ivan e fica surpresa. D\u00e9bora sugere a Cristina que mande Guto seduzir Serena, para que Rafael se decepcione com ela de uma vez por todas. <\/p>\n<p>(*) edi\u00e7\u00e3o das novelas da Globo, &#8220;Alma G\u00eamea&#8221;, sujeito a altera\u00e7\u00e3o de data e conte\u00fado.<\/p>\n<p>Sinopse &#8220;Alma G\u00eamea&#8221;: Rafael e Luna casam-se e t\u00eam um filho, mas a felicidade \u00e9 invejada por Cristina. Em um passeio, Rafael reage a um assalto e um dos ladr\u00f5es, que \u00e9 conhecido de Cristina, atira. Luna morre. Enquanto Rafael se desespera com a perda de Luna, em um lugar bem distante dali, nasce a menina Serena, filha de uma \u00edndia com um garimpeiro. Ela cresce em uma aldeia ind\u00edgena e tem vis\u00f5es. <\/p>\n<p>Vinte anos se passam da morte de Luna. Serena consegue trabalho como empregada na mans\u00e3o de Rafael. Serena tem em seu corpo uma marca de nascen\u00e7a, no mesmo lugar em que Luna levou o tiro. A trama segue envolta em mist\u00e9rios e marcada por fatos inexplic\u00e1veis. Rafael passa a acreditar que Serena \u00e9 de fato a reencarna\u00e7\u00e3o de Luna, se apaixona por ela e a pede em casamento. Cristina e sua m\u00e3e D\u00e9bora percebem que Serena representa uma amea\u00e7a, e a novela segue com as duas tramando de tudo para separar os dois.<\/p>\n","protected":false},"excerpt":{"rendered":"<p>Resumo da novela &#8220;Alma G\u00eamea&#8221; em 06\/06: no cap\u00edtulo 029(*) da novela, H\u00e9lio diz que Rafael saber\u00e1 aceit\u00e1-la se a amar de verdade. Dalila diz para Roberval que jamais o amar\u00e1. Rafael fala para Ol\u00edvia que vai dar o dinheiro que ela quer e ceder uma casa para montar o restaurante. Ol\u00edvia fica radiante, mas [&hellip;]<\/p>\n","protected":false},"author":5,"featured_media":244165,"comment_status":"closed","ping_status":"closed","sticky":false,"template":"","format":"standard","meta":{"tdm_status":"","tdm_grid_status":"","footnotes":""},"categories":[2328,379,375,2025,343],"tags":[441],"class_list":{"0":"post-245119","1":"post","2":"type-post","3":"status-publish","4":"format-standard","5":"has-post-thumbnail","7":"category-alma-gemea","8":"category-novelas","9":"category-rede-globo","10":"category-resumo","11":"category-televisao","12":"tag-resumo-do-dia"},"_links":{"self":[{"href":"https:\/\/migracao.redenoticia.com.br\/noticia\/wp-json\/wp\/v2\/posts\/245119","targetHints":{"allow":["GET"]}}],"collection":[{"href":"https:\/\/migracao.redenoticia.com.br\/noticia\/wp-json\/wp\/v2\/posts"}],"about":[{"href":"https:\/\/migracao.redenoticia.com.br\/noticia\/wp-json\/wp\/v2\/types\/post"}],"author":[{"embeddable":true,"href":"https:\/\/migracao.redenoticia.com.br\/noticia\/wp-json\/wp\/v2\/users\/5"}],"replies":[{"embeddable":true,"href":"https:\/\/migracao.redenoticia.com.br\/noticia\/wp-json\/wp\/v2\/comments?post=245119"}],"version-history":[{"count":0,"href":"https:\/\/migracao.redenoticia.com.br\/noticia\/wp-json\/wp\/v2\/posts\/245119\/revisions"}],"wp:featuredmedia":[{"embeddable":true,"href":"https:\/\/migracao.redenoticia.com.br\/noticia\/wp-json\/wp\/v2\/media\/244165"}],"wp:attachment":[{"href":"https:\/\/migracao.redenoticia.com.br\/noticia\/wp-json\/wp\/v2\/media?parent=245119"}],"wp:term":[{"taxonomy":"category","embeddable":true,"href":"https:\/\/migracao.redenoticia.com.br\/noticia\/wp-json\/wp\/v2\/categories?post=245119"},{"taxonomy":"post_tag","embeddable":true,"href":"https:\/\/migracao.redenoticia.com.br\/noticia\/wp-json\/wp\/v2\/tags?post=245119"}],"curies":[{"name":"wp","href":"https:\/\/api.w.org\/{rel}","templated":true}]}}