{"id":245165,"date":"2024-06-07T20:13:37","date_gmt":"2024-06-07T23:13:37","guid":{"rendered":"https:\/\/www.redenoticia.com.br\/noticia\/2024\/dupla-sena-resultado-do-concurso-2672-sorteado-sexta-feira-07-06-2024\/245165"},"modified":"2024-06-07T20:13:37","modified_gmt":"2024-06-07T23:13:37","slug":"dupla-sena-resultado-do-concurso-2672-sorteado-sexta-feira-07-06-2024","status":"publish","type":"post","link":"https:\/\/migracao.redenoticia.com.br\/noticia\/2024\/dupla-sena-resultado-do-concurso-2672-sorteado-sexta-feira-07-06-2024\/245165","title":{"rendered":"Dupla Sena: Resultado do concurso 2672 sorteado  Sexta-feira 07\/06\/2024"},"content":{"rendered":"<p>Resultado da Dupla Sena, concurso 2672, realizado na  Sexta-feira, dia 07\/06\/2024 no Espa\u00e7o da Sorte, na cidade de S\u00e3o Paulo.  O sorteio da Dupla Sena 2672 foi realizado h\u00e1 pouco, no Espa\u00e7o da Sorte, na cidade de S\u00e3o Paulo, e a Caixa ainda n\u00e3o divulgou a premia\u00e7\u00e3o. O pr\u00eamio previsto para o acertador do pr\u00eamio principal deste sorteio \u00e9 de R$ 1.100.000,00.<\/p>\n<p>Veja tamb\u00e9m: <\/p>\n<h2>N\u00fameros Sorteados Dupla Sena 2672<\/h2>\n<h4>Primeiro Sorteio:<\/h4>\n<table>\n<tr>\n<td><span class=\"numberCircleDuplaSena\">02<\/span><\/td>\n<td><span class=\"numberCircleDuplaSena\">03<\/span><\/td>\n<td><span class=\"numberCircleDuplaSena\">11<\/span><\/td>\n<td><span class=\"numberCircleDuplaSena\">24<\/span><\/td>\n<td><span class=\"numberCircleDuplaSena\">25<\/span><\/td>\n<td><span class=\"numberCircleDuplaSena\">47<\/span><\/td>\n<\/tr>\n<\/table>\n<h4>Segundo Sorteio<\/h4>\n<table>\n<tr>\n<td><span class=\"numberCircleDuplaSena\">09<\/span><\/td>\n<td><span class=\"numberCircleDuplaSena\">14<\/span><\/td>\n<td><span class=\"numberCircleDuplaSena\">15<\/span><\/td>\n<td><span class=\"numberCircleDuplaSena\">16<\/span><\/td>\n<td><span class=\"numberCircleDuplaSena\">18<\/span><\/td>\n<td><span class=\"numberCircleDuplaSena\">37<\/span><\/td>\n<\/tr>\n<\/table>\n<h2>Pr\u00f3ximo Sorteio da Dupla Sena <\/h2>\n<p>O pr\u00f3ximo sorteio ser\u00e1 realizado Segunda-feira 10\/06\/2024, . <\/p>\n<h3>\u00daltimos Resultados da Dupla Sena<\/h3>\n<p><lu><\/p>\n<li><a href=\"https:\/\/migracao.redenoticia.com.br\/noticia\/2024\/dupla-sena-resultado-do-concurso-2671-sorteado-quarta-feira-05-06-2024\/245103\">Dupla Sena 2671<\/a><\/li>\n<li><a href=\"https:\/\/migracao.redenoticia.com.br\/noticia\/2024\/dupla-sena-resultado-do-concurso-2670-sorteado-segunda-feira-03-06-2024\/245066\">Dupla Sena 2670<\/a><\/li>\n<li><a href=\"https:\/\/migracao.redenoticia.com.br\/noticia\/2024\/dupla-sena-resultado-do-concurso-2669-sorteado-sexta-feira-31-05-2024\/244999\">Dupla Sena 2669<\/a><\/li>\n<li><a href=\"https:\/\/migracao.redenoticia.com.br\/noticia\/2024\/dupla-sena-resultado-do-concurso-2668-sorteado-quarta-feira-29-05-2024\/244958\">Dupla Sena 2668<\/a><\/li>\n<p><\/lu><\/p>\n<h2>Resumo do sorteio da Dupla Sena 2672<\/h2>\n<ul>\n<li>Dos n\u00fameros sorteados neste concurso da Dupla Sena o que mais saiu nos \u00faltimos 12 meses foi o 11, sorteado 25 vezes.<\/li>\n<li>O que menos saiu foi o n\u00famero 24, sorteado apenas 14 vezes.<\/li>\n<li>Das 50 dezenas, a que est\u00e1 h\u00e1 mais tempo sem ser sorteada \u00e9 a 22 que n\u00e3o sai tem 91  dias.<\/li>\n<li>O pr\u00eamio de maior valor pago neste per\u00edodo, sem contar o da Dupla Sena de P\u00e1scoa, foi de R$ 7.939.421,77 correspondente ao concurso 2588, sorteado em 01\/11\/2023.<\/li>\n<li>Nos \u00faltimos 12 meses foram realizados 148 sorteios e premiadas 8 pessoas que acertaram os 6 n\u00fameros da Dupla Sena.<\/li>\n<li>Neste per\u00edodo a Dupla Sena n\u00e3o teve acertadores em 140 oportunidades.<\/li>\n<\/ul>\n<\/ul>\n<h3>Hist\u00f3rico dos n\u00fameros sorteados neste concurso da Dupla Sena<\/h3>\n<p>Nesta tabela voc\u00ea ir\u00e1 encontrar as seguintes informa\u00e7\u00f5es relativas aos sorteios da Dupla Sena dos \u00faltimos 12 meses:<br \/>A quantidade de vezes que o n\u00famero foi sorteado na Dupla Sena,<br \/>A quantidade de sorteios que este n\u00famero saiu e o concurso teve ganhador,<br \/>A data do \u00faltimo sorteio na Dupla Sena desta dezena.<\/p>\n<table>\n<tr>\n<th>Dezena<\/th>\n<th>Total<\/th>\n<th>Premiada<\/th>\n<th>Data<\/th>\n<\/tr>\n<tr>\n<td>02<\/td>\n<td>19<\/td>\n<td>0<\/td>\n<td>27\/05\/2024<\/td>\n<\/tr>\n<tr>\n<td>03<\/td>\n<td>21<\/td>\n<td>1<\/td>\n<td>15\/05\/2024<\/td>\n<\/tr>\n<tr>\n<td>11<\/td>\n<td>25<\/td>\n<td>2<\/td>\n<td>24\/05\/2024<\/td>\n<\/tr>\n<tr>\n<td>24<\/td>\n<td>14<\/td>\n<td>1<\/td>\n<td>10\/05\/2024<\/td>\n<\/tr>\n<tr>\n<td>25<\/td>\n<td>24<\/td>\n<td>0<\/td>\n<td>31\/05\/2024<\/td>\n<\/tr>\n<tr>\n<td>47<\/td>\n<td>17<\/td>\n<td>2<\/td>\n<td>29\/05\/2024<\/td>\n<\/tr>\n<\/table>\n<h3>Nota<\/h3>\n<p> A divulga\u00e7\u00e3o do resultado pela RedeNoticia.com.br foi cercada de todos os cuidados para informa-lo corretamente e com precis\u00e3o,<br \/>\n        entretanto o resultado oficial \u00e9 o divulgado no site da Caixa Econ\u00f4mica Federal e pelas casas lot\u00e9ricas.<\/p>\n","protected":false},"excerpt":{"rendered":"<p>Dupla Sena 2672 &#8211; Resultado, rateio e ganhadores da Dupla Sena 2672 sorteado em 07\/06\/2024.<\/p>\n","protected":false},"author":5,"featured_media":196328,"comment_status":"","ping_status":"","sticky":false,"template":"","format":"standard","meta":{"tdm_status":"","tdm_grid_status":"","footnotes":""},"categories":[360,335],"tags":[],"class_list":{"0":"post-245165","1":"post","2":"type-post","3":"status-publish","4":"format-standard","5":"has-post-thumbnail","7":"category-dupla-sena","8":"category-loteria"},"_links":{"self":[{"href":"https:\/\/migracao.redenoticia.com.br\/noticia\/wp-json\/wp\/v2\/posts\/245165","targetHints":{"allow":["GET"]}}],"collection":[{"href":"https:\/\/migracao.redenoticia.com.br\/noticia\/wp-json\/wp\/v2\/posts"}],"about":[{"href":"https:\/\/migracao.redenoticia.com.br\/noticia\/wp-json\/wp\/v2\/types\/post"}],"author":[{"embeddable":true,"href":"https:\/\/migracao.redenoticia.com.br\/noticia\/wp-json\/wp\/v2\/users\/5"}],"replies":[{"embeddable":true,"href":"https:\/\/migracao.redenoticia.com.br\/noticia\/wp-json\/wp\/v2\/comments?post=245165"}],"version-history":[{"count":0,"href":"https:\/\/migracao.redenoticia.com.br\/noticia\/wp-json\/wp\/v2\/posts\/245165\/revisions"}],"wp:featuredmedia":[{"embeddable":true,"href":"https:\/\/migracao.redenoticia.com.br\/noticia\/wp-json\/wp\/v2\/media\/196328"}],"wp:attachment":[{"href":"https:\/\/migracao.redenoticia.com.br\/noticia\/wp-json\/wp\/v2\/media?parent=245165"}],"wp:term":[{"taxonomy":"category","embeddable":true,"href":"https:\/\/migracao.redenoticia.com.br\/noticia\/wp-json\/wp\/v2\/categories?post=245165"},{"taxonomy":"post_tag","embeddable":true,"href":"https:\/\/migracao.redenoticia.com.br\/noticia\/wp-json\/wp\/v2\/tags?post=245165"}],"curies":[{"name":"wp","href":"https:\/\/api.w.org\/{rel}","templated":true}]}}