{"id":2452,"date":"2009-06-06T08:09:48","date_gmt":"2009-06-06T12:09:48","guid":{"rendered":"http:\/\/www.redenoticia.com.br\/noticia\/?p=2452"},"modified":"2009-06-06T08:09:48","modified_gmt":"2009-06-06T12:09:48","slug":"governo-entrega-equipamentos-e-lanca-promec-em-ji-parana","status":"publish","type":"post","link":"https:\/\/migracao.redenoticia.com.br\/noticia\/2009\/governo-entrega-equipamentos-e-lanca-promec-em-ji-parana\/2452","title":{"rendered":"Governo entrega equipamentos e lan\u00e7a PROMEC em Ji-Paran\u00e1"},"content":{"rendered":"<p align=\"justify\">\n<p align=\"justify\"><span style=\"font-family: Arial; font-size: small;\">O governador Ivo Cassol realizou na  manh\u00e3 desta sexta-feira a entrega de 10 tanques de resfriamento de leite para os  representantes das Associa\u00e7\u00f5es de Produtores Rurais da regi\u00e3o de Ji-Paran\u00e1,  adquiridos atrav\u00e9s de emenda parlamentar do deputado estadual, Jesualdo Pires  (PSB); cinco ve\u00edculos para a Pol\u00edcia Civil; caminhonete, duas motos, barco com  carrerinha e equipamentos para a Pol\u00edcia Ambiental; ambul\u00e2ncia Semi-UTI, micro  \u00f4nibus, ve\u00edculo e equipamentos de busca e resgate para o Corpo de Bombeiros; uma  UTI Neonatal para a Delegacia Regional de Sa\u00fade, al\u00e9m de lan\u00e7ar o Programa de  Mecaniza\u00e7\u00e3o Agr\u00edcola (Promec) e assinar o ato de cria\u00e7\u00e3o do Posto Avan\u00e7ado do  Instituto de Previd\u00eancia dos Servidores P\u00fablicos do Estado de Rond\u00f4nia  (Iperon)<strong>,<\/strong> que ser\u00e1 implantado no Shopping Cidad\u00e3o. A solenidade aconteceu  na quadra da Par\u00f3quia S\u00e3o Jos\u00e9, em Ji-Paran\u00e1. <\/span><\/p>\n<p align=\"justify\"><span style=\"font-family: Arial; font-size: small;\">Os ve\u00edculos e os equipamentos foram  adquiridos com recursos pr\u00f3prios do Governo do Estado. Segundo Cassol, ve\u00edculos,  equipamentos, entre outros visa qualificar os trabalhos e oferecer um melhor  atendimento \u00e0 comunidade. Disse ainda que a UTI Neonatal vai atender os  munic\u00edpios da regi\u00e3o para diminuir a mortalidade infantil e minimizar os  problemas na \u00e1rea da Sa\u00fade; e o Promec vai dar apoio ao homem do campo. \u201cCom o  Promec os produtores rurais ter\u00e3o cinco horas\/m\u00e1quinas gratuitamente. E a  implanta\u00e7\u00e3o do Posto do Iperon vai proporcionar aos segurados e seus dependentes  diversos benef\u00edcios\u201d, afirmou o governador, que comentou sobre as quest\u00f5es  ligadas ao acordo para a Reserva do Bom Futuro e \u00e0 compensa\u00e7\u00e3o da Usina de  Jirau.<\/span><\/p>\n<p align=\"justify\"><span style=\"font-family: Arial; font-size: small;\">O Secret\u00e1rio de Estado da Agricultura,  Carlos Magno, elogiou os trabalhos que o governador vem desenvolvendo em todo o  Estado e comentou sobre o Promec, que atende pequenas propriedades rurais com  at\u00e9 cinco horas\/m\u00e1quina, em servi\u00e7os b\u00e1sicos de mecaniza\u00e7\u00e3o agr\u00edcola como, por  exemplo, constru\u00e7\u00e3o de terreiros, abertura de carreadores e reincorpora\u00e7\u00e3o de  \u00e1reas degradadas ou alteradas ao processo produtivo. O Governo do Estado est\u00e1  investindo R$ 26 milh\u00f5es este ano no Promec, com objetivo de beneficiar os  produtores rurais, ajudando a aumentar a renda e com a gera\u00e7\u00e3o de emprego. <\/span><\/p>\n<p align=\"justify\"><span style=\"font-family: Arial; font-size: small;\">O deputado Jesualdo Pires (PSB) disse  que vem trabalhando para atender todas as reivindica\u00e7\u00f5es, principalmente desta  regi\u00e3o. O prefeito de Ji-Paran\u00e1, Jos\u00e9 de Abreu Bianco (DEM) agradeceu o apoio do  Governo do Estado e dos deputados, que est\u00e3o atendendo as reivindica\u00e7\u00f5es do  munic\u00edpio. \u201cCom o Promec mais de mil agricultores ser\u00e3o beneficiados, os novos  ve\u00edculos e equipamentos melhorar\u00e3o as condi\u00e7\u00f5es de trabalhos dos policiais e  bombeiros, e a ambul\u00e2ncia vai oferecer mais seguran\u00e7a no trabalho da Sa\u00fade\u201d,  disse o prefeito. <\/span><\/p>\n<p align=\"justify\"><span style=\"font-family: Arial; font-size: small;\">O evento contou com a participa\u00e7\u00e3o do  presidente da Assembl\u00e9ia Legislativa, deputado Neodi Carlos (PSDC), do  presidente do Iperon, C\u00e9sar Lic\u00f3rio, do diretor do Detran, Joarez Jardim, do  vice-prefeito Jos\u00e9 Otonio Lima Silva (PSDB), do secret\u00e1rio regional, Ari  Saraiva, que organizou uma carreata com todos os ve\u00edculos entregues pelo  governo, do comandante da Pol\u00edcia Ambiental de Rond\u00f4nia, tenente coronel, Vilson  de Sales, do comandante geral do Corpo de Bombeiros, coronel Ronaldo Nunes, do  gerente t\u00e9cnico da Emater, Sidnei Marconi, que no ato representou o secret\u00e1rio  executivo, Sorrival de Lima, do gerente regional da Emater, Ivaldo Regalado, do  delegado regional de Sa\u00fade, Jo\u00e3o Alexandre, do delegado regional da Pol\u00edcia  Civil, Alexandre Sobral, do diretor executivo da Pol\u00edcia Civil, Deraldo  Escatolon, que representou o <em>s<\/em>ecret\u00e1rio de Seguran\u00e7a<em>, <\/em>Evil\u00e1sio<em> <\/em>Sena, dentre outras autoridades.<\/span><\/p>\n<p align=\"justify\"><span style=\"font-family: Arial; font-size: small;\"><strong>Presidente  M\u00e9dici<\/strong><\/span><\/p>\n<p align=\"justify\"><span style=\"font-family: Arial; font-size: small;\">Ap\u00f3s a solenidade em Ji-Paran\u00e1, o  governador entregou dois tanques de resfriamento de leite, adquiridos por emenda  do deputado Jesualdo Pires, para o presidente da Associa\u00e7\u00e3o de Produtores Rurais  Nova Esperan\u00e7a (Asprome), Edivaldo de Oliveira e para a presidente da Associa\u00e7\u00e3o  de Mulheres e Jovens Agricultores do Assentamento Chico Mendes II (Agrifam\u00edlia),  Maria Novaes, na Casa do Agricultor de Presidente M\u00e9dici. \u201cCerca de 180  associa\u00e7\u00f5es e cooperativas est\u00e3o sendo beneficiadas com tanques de resfriamento  em todo o Estado\u201d, comentou o governador. O evento contou com a participa\u00e7\u00e3o de  deputados, secret\u00e1rio da Agricultura, Carlos Magno, prefeito Jos\u00e9 Ribeiro  (PMDB), vice-prefeito, Ronaldo do Rio Branco, vereadores, secret\u00e1rios  municipais, representantes da Emater, entre outros. <\/span><\/p>\n<p align=\"justify\"><span style=\"font-family: Arial; font-size: small;\">O deputado Jesualdo Pires disse que vem  realizando diversas a\u00e7\u00f5es para contribuir com o desenvolvimento de Presidente  M\u00e9dici. Segundo o deputado, ele pediu ao governador que o munic\u00edpio fosse  atendido com o programa Cidade Limpa. \u201cO governador informou que uma equipe do  Cidade Limpa est\u00e1 na regi\u00e3o do Vale do Guapor\u00e9 e que, em seguida, iniciar\u00e1 o  trabalho de limpeza, patrolamento de ruas e avenidas, entre outros servi\u00e7os em  Presidente M\u00e9dici\u201d, afirmou Jesualdo Pires. <\/span><\/p>\n<p align=\"justify\"><span style=\"font-family: Arial; font-size: small;\">O deputado estadual, Edson Martins  (PMDB) parabenizou o governador, que tem acreditado e investido nos produtores  rurais que t\u00eam feito a diferen\u00e7a na economia do Estado. O prefeito Jos\u00e9 Ribeiro  agradeceu o governador e deputado que est\u00e3o colaborando com o desenvolvimento do  munic\u00edpio. Ap\u00f3s, a entrega dos tanques o governador participou de um almo\u00e7o na  Casa do Agricultor. <\/span><\/p>\n<p align=\"justify\"><span style=\"font-family: Arial; font-size: small;\"><strong>Novo Riachuelo<\/strong><\/span><\/p>\n<p align=\"justify\"><span style=\"font-family: Arial; font-size: small;\">No in\u00edcio da tarde, <\/span><span style=\"font-family: Arial; color: #444444; font-size: small;\">o governador Ivo Cassol lan\u00e7ou o Promec na  Associa\u00e7\u00e3o dos Produtores Rurais da Comunidade da Gl\u00f3ria, no Setor Riachuelo,  pr\u00f3ximo ao Distrito de Presidente M\u00e9dici, Novo Riachuelo. O Promec vai atender  aproximadamente 600 produtores das Linhas 114 e 128. \u201cDois tratores de esteira  v\u00e3o atender o Distrito Novo Riachuelo com aproximadamente cinco horas\/m\u00e1quina  para cada agricultor\u201d, ressaltou o governador.\u00a0 A regi\u00e3o est\u00e1 sendo beneficiada,  tamb\u00e9m, pelo Governo do Estado, por meio do Departamento de estradas e Rodagens  (DER), com a implanta\u00e7\u00e3o de quatro bueiros de concreto.<\/span><\/p>\n<p align=\"justify\"><span style=\"font-family: Arial; color: #444444; font-size: small;\">O agricultor Sebasti\u00e3o  dos Santos agradeceu o governador e disse que o Promec vai colaborar com o  trabalho dos produtores rurais desta regi\u00e3o. \u201cCom este programa vou poder  construir um bebedouro e implantar uma represa no meu s\u00edtio, aumentando a renda  familiar\u201d, afirmou o produtor. <\/span><\/p>\n<p align=\"justify\"><span style=\"font-family: Arial; color: #444444; font-size: small;\">De acordo com o  presidente da ALE, deputado Neodi Carlos, o governador est\u00e1 sempre com a agenda  lotada e trabalhando em prol da popula\u00e7\u00e3o. \u201cCassol est\u00e1 levando benef\u00edcios para  todo o Estado\u201d, salientou. <\/span><\/p>\n<p align=\"justify\"><span style=\"font-family: Arial; color: #444444; font-size: small;\">O evento contou com a  participa\u00e7\u00e3o do coordenador estadual do Promec, Claudir Matt, popularmente  conhecido como Fiscal, do gerente da Emater no Distrito Novo Riachuelo, Lu\u00eds  Gonzaga, do prefeito Jos\u00e9 Ribeiro, de vereadores, entre outras autoridades. <\/span><\/p>\n<p align=\"justify\"><span style=\"font-family: Arial; color: #444444; font-size: small;\"><strong>Carolina  Camilo<\/strong><\/span><\/p>\n","protected":false},"excerpt":{"rendered":"<p>O governador Ivo Cassol realizou na manh\u00e3 desta sexta-feira a entrega de 10 tanques de resfriamento de leite para os representantes das Associa\u00e7\u00f5es de Produtores Rurais da regi\u00e3o de Ji-Paran\u00e1, adquiridos atrav\u00e9s de emenda parlamentar do deputado estadual, Jesualdo Pires (PSB); cinco ve\u00edculos para a Pol\u00edcia Civil; caminhonete, duas motos, barco com carrerinha e equipamentos [&hellip;]<\/p>\n","protected":false},"author":3,"featured_media":0,"comment_status":"open","ping_status":"open","sticky":false,"template":"","format":"standard","meta":{"tdm_status":"","tdm_grid_status":"","footnotes":""},"categories":[22],"tags":[],"class_list":{"0":"post-2452","1":"post","2":"type-post","3":"status-publish","4":"format-standard","6":"category-brasil"},"_links":{"self":[{"href":"https:\/\/migracao.redenoticia.com.br\/noticia\/wp-json\/wp\/v2\/posts\/2452","targetHints":{"allow":["GET"]}}],"collection":[{"href":"https:\/\/migracao.redenoticia.com.br\/noticia\/wp-json\/wp\/v2\/posts"}],"about":[{"href":"https:\/\/migracao.redenoticia.com.br\/noticia\/wp-json\/wp\/v2\/types\/post"}],"author":[{"embeddable":true,"href":"https:\/\/migracao.redenoticia.com.br\/noticia\/wp-json\/wp\/v2\/users\/3"}],"replies":[{"embeddable":true,"href":"https:\/\/migracao.redenoticia.com.br\/noticia\/wp-json\/wp\/v2\/comments?post=2452"}],"version-history":[{"count":0,"href":"https:\/\/migracao.redenoticia.com.br\/noticia\/wp-json\/wp\/v2\/posts\/2452\/revisions"}],"wp:attachment":[{"href":"https:\/\/migracao.redenoticia.com.br\/noticia\/wp-json\/wp\/v2\/media?parent=2452"}],"wp:term":[{"taxonomy":"category","embeddable":true,"href":"https:\/\/migracao.redenoticia.com.br\/noticia\/wp-json\/wp\/v2\/categories?post=2452"},{"taxonomy":"post_tag","embeddable":true,"href":"https:\/\/migracao.redenoticia.com.br\/noticia\/wp-json\/wp\/v2\/tags?post=2452"}],"curies":[{"name":"wp","href":"https:\/\/api.w.org\/{rel}","templated":true}]}}