{"id":245223,"date":"2024-06-11T13:22:58","date_gmt":"2024-06-11T16:22:58","guid":{"rendered":"https:\/\/www.redenoticia.com.br\/noticia\/?p=245223"},"modified":"2024-06-11T13:22:58","modified_gmt":"2024-06-11T16:22:58","slug":"resumo-contigo-sim-12-06-yolanda-declara-sua-inocencia-diante-de-benjamin","status":"publish","type":"post","link":"https:\/\/migracao.redenoticia.com.br\/noticia\/2024\/resumo-contigo-sim-12-06-yolanda-declara-sua-inocencia-diante-de-benjamin\/245223","title":{"rendered":"Resumo \u201cContigo Sim\u201d 12\/06: Yolanda declara sua inoc\u00eancia diante de Benjam\u00edn"},"content":{"rendered":"<p> <img loading=\"lazy\" decoding=\"async\" src=\"https:\/\/migracao.redenoticia.com.br\/noticia\/imagens\/novela-contigo-sim-capitulo-resumo.jpg\" alt=\"\" width=\"1280\" height=\"720\" class=\"aligncenter size-full wp-image-243831\" srcset=\"https:\/\/migracao.redenoticia.com.br\/noticia\/imagens\/novela-contigo-sim-capitulo-resumo.jpg 1280w, https:\/\/migracao.redenoticia.com.br\/noticia\/imagens\/novela-contigo-sim-capitulo-resumo-250x140.jpg 250w, https:\/\/migracao.redenoticia.com.br\/noticia\/imagens\/novela-contigo-sim-capitulo-resumo-400x225.jpg 400w, https:\/\/migracao.redenoticia.com.br\/noticia\/imagens\/novela-contigo-sim-capitulo-resumo-768x432.jpg 768w, https:\/\/migracao.redenoticia.com.br\/noticia\/imagens\/novela-contigo-sim-capitulo-resumo-150x85.jpg 150w\" sizes=\"auto, (max-width: 1280px) 100vw, 1280px\" \/>    <\/p>\n<p><strong><em>Resumo da novela \u201cContigo Sim\u201d<\/em><\/strong> em 12\/06: no cap\u00edtulo 038(*) da novela, Leonardo descobre que Angela trabalha na casa da fam\u00edlia Vega. Mirta tem um plano para cobrar o seguro de Sandro&#8230;. Angela percebe que algo est\u00e1 acontecendo com Leonardo e decide lev\u00e1-lo apesar da liga\u00e7\u00e3o de Mirta. Benjam\u00edn tem em m\u00e3os a aut\u00f3psia de Lili e sabe como foi sua morte. Yolanda informa a An\u00edbal que Angela ampliou seu depoimento. \u00c1lvaro descobre que Leonardo apresentou \u00c1ngela como sua namorada, ent\u00e3o aceita ser c\u00famplice de Alma. Dario visita Clarita no hospital e n\u00e3o hesita em desabafar agora que descobriu que o pai dela era Sandro. An\u00edbal d\u00e1 a Mirta algumas fotos comprometedoras de \u00c1ngela, ent\u00e3o ela se disp\u00f5e a destrui-la.<\/p>\n<p>Leonardo, ao saber que \u00c1ngela vai trabalhar na casa da fam\u00edlia Vega e que vai ficar perto de \u00c1lvaro, enlouquece de ci\u00fames, \u00c1lvaro se recusa a acreditar que \u00c1ngela era acompanhante e Dar\u00edo volta a ter intimidade com Samanta, mas ele se sente culpado por trair seu amigo. Leonardo pede desculpas a \u00c1ngela por ter reagido chateado ao saber que ela ficaria pr\u00f3xima de \u00c1lvaro, ent\u00e3o ele confessa seus sentimentos e a pede em namoro. Leonardo procura Dario para conversarem como irm\u00e3os, mas ele recusa. Quando An\u00edbal \u00e9 encurralado pela pol\u00edcia, ele faz \u00c1ngela como ref\u00e9m. Quando ela tenta se defender, ela recebe uma forte pancada na cabe\u00e7a e consegue escapar, mas An\u00edbal a amea\u00e7a com uma arma. Yolanda declara sua inoc\u00eancia diante de Benjam\u00edn.<\/p>\n<p>(*) edi\u00e7\u00e3o das novelas do SBT, \u201cContigo Sim\u201d, sujeito a altera\u00e7\u00e3o de data e conte\u00fado.<\/p>\n<p>Sinopse: \u201cContigo Sim\u201d conta a hist\u00f3ria de \u00c1ngela (Alejandra Robles Gil), que \u00e9 enfermeira e estudante de medicina. Ela \u00e9 seduzida por \u00c1lvaro (Danilo Carrera), um jovem ambicioso que visita sua cidade em viagem de neg\u00f3cios para construir um hospital. \u00c1ngela e \u00c1lvaro se casam, mas ele a abandona e volta para a Cidade do M\u00e9xico, onde fica noivo de Samantha (B\u00e1rbara Islas) e se casa com ela tamb\u00e9m. \u00c1ngela decide ir para a Cidade do M\u00e9xico em busca de \u00c1lvaro, ela descobre o engano e conhece Leonardo (Brandon Peniche), um m\u00e9dico que se apaixona por ela e passa a ser seu protetor. \u00c1ngela lutar\u00e1 incansavelmente contra as adversidades do destino, na busca pelo amor verdadeiro.<\/p>\n","protected":false},"excerpt":{"rendered":"<p>Resumo da novela \u201cContigo Sim\u201d em 12\/06: no cap\u00edtulo 038(*) da novela, Leonardo descobre que Angela trabalha na casa da fam\u00edlia Vega. Mirta tem um plano para cobrar o seguro de Sandro&#8230;. Angela percebe que algo est\u00e1 acontecendo com Leonardo e decide lev\u00e1-lo apesar da liga\u00e7\u00e3o de Mirta. Benjam\u00edn tem em m\u00e3os a aut\u00f3psia de [&hellip;]<\/p>\n","protected":false},"author":2,"featured_media":243830,"comment_status":"closed","ping_status":"closed","sticky":false,"template":"","format":"standard","meta":{"tdm_status":"","tdm_grid_status":"","footnotes":""},"categories":[2327,379,2025,372,343],"tags":[441],"class_list":{"0":"post-245223","1":"post","2":"type-post","3":"status-publish","4":"format-standard","5":"has-post-thumbnail","7":"category-contigo-sim","8":"category-novelas","9":"category-resumo","10":"category-sbt","11":"category-televisao","12":"tag-resumo-do-dia"},"_links":{"self":[{"href":"https:\/\/migracao.redenoticia.com.br\/noticia\/wp-json\/wp\/v2\/posts\/245223","targetHints":{"allow":["GET"]}}],"collection":[{"href":"https:\/\/migracao.redenoticia.com.br\/noticia\/wp-json\/wp\/v2\/posts"}],"about":[{"href":"https:\/\/migracao.redenoticia.com.br\/noticia\/wp-json\/wp\/v2\/types\/post"}],"author":[{"embeddable":true,"href":"https:\/\/migracao.redenoticia.com.br\/noticia\/wp-json\/wp\/v2\/users\/2"}],"replies":[{"embeddable":true,"href":"https:\/\/migracao.redenoticia.com.br\/noticia\/wp-json\/wp\/v2\/comments?post=245223"}],"version-history":[{"count":0,"href":"https:\/\/migracao.redenoticia.com.br\/noticia\/wp-json\/wp\/v2\/posts\/245223\/revisions"}],"wp:featuredmedia":[{"embeddable":true,"href":"https:\/\/migracao.redenoticia.com.br\/noticia\/wp-json\/wp\/v2\/media\/243830"}],"wp:attachment":[{"href":"https:\/\/migracao.redenoticia.com.br\/noticia\/wp-json\/wp\/v2\/media?parent=245223"}],"wp:term":[{"taxonomy":"category","embeddable":true,"href":"https:\/\/migracao.redenoticia.com.br\/noticia\/wp-json\/wp\/v2\/categories?post=245223"},{"taxonomy":"post_tag","embeddable":true,"href":"https:\/\/migracao.redenoticia.com.br\/noticia\/wp-json\/wp\/v2\/tags?post=245223"}],"curies":[{"name":"wp","href":"https:\/\/api.w.org\/{rel}","templated":true}]}}