{"id":245332,"date":"2024-06-17T15:56:19","date_gmt":"2024-06-17T18:56:19","guid":{"rendered":"https:\/\/www.redenoticia.com.br\/noticia\/?p=245332"},"modified":"2024-06-17T15:56:19","modified_gmt":"2024-06-17T18:56:19","slug":"resumo-contigo-sim-18-06-mirta-e-leonardo-sao-despejados","status":"publish","type":"post","link":"https:\/\/migracao.redenoticia.com.br\/noticia\/2024\/resumo-contigo-sim-18-06-mirta-e-leonardo-sao-despejados\/245332","title":{"rendered":"Resumo \u201cContigo Sim\u201d 18\/06: Mirta e Leonardo s\u00e3o despejados"},"content":{"rendered":"<p> <img loading=\"lazy\" decoding=\"async\" src=\"https:\/\/migracao.redenoticia.com.br\/noticia\/imagens\/novela-contigo-sim-capitulo-resumo.jpg\" alt=\"\" width=\"1280\" height=\"720\" class=\"aligncenter size-full wp-image-243831\" srcset=\"https:\/\/migracao.redenoticia.com.br\/noticia\/imagens\/novela-contigo-sim-capitulo-resumo.jpg 1280w, https:\/\/migracao.redenoticia.com.br\/noticia\/imagens\/novela-contigo-sim-capitulo-resumo-250x140.jpg 250w, https:\/\/migracao.redenoticia.com.br\/noticia\/imagens\/novela-contigo-sim-capitulo-resumo-400x225.jpg 400w, https:\/\/migracao.redenoticia.com.br\/noticia\/imagens\/novela-contigo-sim-capitulo-resumo-768x432.jpg 768w, https:\/\/migracao.redenoticia.com.br\/noticia\/imagens\/novela-contigo-sim-capitulo-resumo-150x85.jpg 150w\" sizes=\"auto, (max-width: 1280px) 100vw, 1280px\" \/>    <\/p>\n<p><strong><em>Resumo da novela \u201cContigo Sim\u201d<\/em><\/strong> em 18\/06: no cap\u00edtulo 042(*) da novela, \u00c1lvaro pro\u00edbe Leonardo de continuar tratando sua irm\u00e3 Clarita, ent\u00e3o Dar\u00edo se oferece para cuidar dela enquanto outro m\u00e9dico \u00e9 designado. Angela revela a \u00c1lvaro que foi An\u00edbal quem publicou as fotografias e este chega \u00e0 pris\u00e3o onde recebe o que merece. Beatriz, ao ver como Samanta se refere a Angela, n\u00e3o hesita em esbofete\u00e1-la e Gerardo amea\u00e7a a filha de expuls\u00e1-la de casa se ela continuar a desrespeitar Angela. <\/p>\n<p>Mirta e Leonardo s\u00e3o despejados de sua resid\u00eancia e Angela descobre que h\u00e1 uma pessoa interessada em comprar a casa. Beatriz e Gerardo ouvem a vers\u00e3o de Angela e percebem que ela \u00e9 inocente, por isso n\u00e3o hesitam em apoi\u00e1-la. Angela e \u00c1lvaro t\u00eam um momento de paz e conseguem falar de forma civilizada, ela agradece o apoio aos pais de Samanta e ele garante que n\u00e3o permitir\u00e1 que ningu\u00e9m a machuque. <\/p>\n<p>(*) edi\u00e7\u00e3o das novelas do SBT, \u201cContigo Sim\u201d, sujeito a altera\u00e7\u00e3o de data e conte\u00fado.<\/p>\n<p>Sinopse: \u201cContigo Sim\u201d conta a hist\u00f3ria de \u00c1ngela (Alejandra Robles Gil), que \u00e9 enfermeira e estudante de medicina. Ela \u00e9 seduzida por \u00c1lvaro (Danilo Carrera), um jovem ambicioso que visita sua cidade em viagem de neg\u00f3cios para construir um hospital. \u00c1ngela e \u00c1lvaro se casam, mas ele a abandona e volta para a Cidade do M\u00e9xico, onde fica noivo de Samantha (B\u00e1rbara Islas) e se casa com ela tamb\u00e9m. \u00c1ngela decide ir para a Cidade do M\u00e9xico em busca de \u00c1lvaro, ela descobre o engano e conhece Leonardo (Brandon Peniche), um m\u00e9dico que se apaixona por ela e passa a ser seu protetor. \u00c1ngela lutar\u00e1 incansavelmente contra as adversidades do destino, na busca pelo amor verdadeiro.<\/p>\n","protected":false},"excerpt":{"rendered":"<p>Resumo da novela \u201cContigo Sim\u201d em 18\/06: no cap\u00edtulo 042(*) da novela, \u00c1lvaro pro\u00edbe Leonardo de continuar tratando sua irm\u00e3 Clarita, ent\u00e3o Dar\u00edo se oferece para cuidar dela enquanto outro m\u00e9dico \u00e9 designado. Angela revela a \u00c1lvaro que foi An\u00edbal quem publicou as fotografias e este chega \u00e0 pris\u00e3o onde recebe o que merece. Beatriz, [&hellip;]<\/p>\n","protected":false},"author":3,"featured_media":243830,"comment_status":"closed","ping_status":"closed","sticky":false,"template":"","format":"standard","meta":{"tdm_status":"","tdm_grid_status":"","footnotes":""},"categories":[2327,379,2025,372,343],"tags":[441],"class_list":{"0":"post-245332","1":"post","2":"type-post","3":"status-publish","4":"format-standard","5":"has-post-thumbnail","7":"category-contigo-sim","8":"category-novelas","9":"category-resumo","10":"category-sbt","11":"category-televisao","12":"tag-resumo-do-dia"},"_links":{"self":[{"href":"https:\/\/migracao.redenoticia.com.br\/noticia\/wp-json\/wp\/v2\/posts\/245332","targetHints":{"allow":["GET"]}}],"collection":[{"href":"https:\/\/migracao.redenoticia.com.br\/noticia\/wp-json\/wp\/v2\/posts"}],"about":[{"href":"https:\/\/migracao.redenoticia.com.br\/noticia\/wp-json\/wp\/v2\/types\/post"}],"author":[{"embeddable":true,"href":"https:\/\/migracao.redenoticia.com.br\/noticia\/wp-json\/wp\/v2\/users\/3"}],"replies":[{"embeddable":true,"href":"https:\/\/migracao.redenoticia.com.br\/noticia\/wp-json\/wp\/v2\/comments?post=245332"}],"version-history":[{"count":0,"href":"https:\/\/migracao.redenoticia.com.br\/noticia\/wp-json\/wp\/v2\/posts\/245332\/revisions"}],"wp:featuredmedia":[{"embeddable":true,"href":"https:\/\/migracao.redenoticia.com.br\/noticia\/wp-json\/wp\/v2\/media\/243830"}],"wp:attachment":[{"href":"https:\/\/migracao.redenoticia.com.br\/noticia\/wp-json\/wp\/v2\/media?parent=245332"}],"wp:term":[{"taxonomy":"category","embeddable":true,"href":"https:\/\/migracao.redenoticia.com.br\/noticia\/wp-json\/wp\/v2\/categories?post=245332"},{"taxonomy":"post_tag","embeddable":true,"href":"https:\/\/migracao.redenoticia.com.br\/noticia\/wp-json\/wp\/v2\/tags?post=245332"}],"curies":[{"name":"wp","href":"https:\/\/api.w.org\/{rel}","templated":true}]}}