{"id":245338,"date":"2024-06-17T16:02:27","date_gmt":"2024-06-17T19:02:27","guid":{"rendered":"https:\/\/www.redenoticia.com.br\/noticia\/?p=245338"},"modified":"2024-06-17T16:02:27","modified_gmt":"2024-06-17T19:02:27","slug":"resumo-alma-gemea-18-06-rafael-pergunta-a-cristina-se-ela-ja-namorou-guto","status":"publish","type":"post","link":"https:\/\/migracao.redenoticia.com.br\/noticia\/2024\/resumo-alma-gemea-18-06-rafael-pergunta-a-cristina-se-ela-ja-namorou-guto\/245338","title":{"rendered":"Resumo &#8220;Alma G\u00eamea&#8221; 18\/06: Rafael pergunta a Cristina se ela j\u00e1 namorou Guto"},"content":{"rendered":"<p> <img loading=\"lazy\" decoding=\"async\" src=\"https:\/\/migracao.redenoticia.com.br\/noticia\/imagens\/resumo-alma-gemea-logo-novela.jpg\" alt=\"\" width=\"1280\" height=\"720\" class=\"aligncenter size-full wp-image-244166\" srcset=\"https:\/\/migracao.redenoticia.com.br\/noticia\/imagens\/resumo-alma-gemea-logo-novela.jpg 1280w, https:\/\/migracao.redenoticia.com.br\/noticia\/imagens\/resumo-alma-gemea-logo-novela-250x140.jpg 250w, https:\/\/migracao.redenoticia.com.br\/noticia\/imagens\/resumo-alma-gemea-logo-novela-400x225.jpg 400w, https:\/\/migracao.redenoticia.com.br\/noticia\/imagens\/resumo-alma-gemea-logo-novela-768x432.jpg 768w, https:\/\/migracao.redenoticia.com.br\/noticia\/imagens\/resumo-alma-gemea-logo-novela-150x85.jpg 150w\" sizes=\"auto, (max-width: 1280px) 100vw, 1280px\" \/><\/p>\n<p><em><strong>Resumo da novela &#8220;Alma G\u00eamea&#8221;<\/strong><\/em> em 18\/06: no cap\u00edtulo 037(*) da novela, Guto pede desculpas a Serena por ter lhe for\u00e7ado a dan\u00e7ar. Serena se sente mal ao ver Guto. Guto pergunta a Serena por que ela se sente mal ao v\u00ea-lo. Serena tenta fugir, mas Guto a impede e diz que ela s\u00f3 poder\u00e1 ir embora depois que lhe disser o que sabe sobre ele. Agnes afirma para Rafael que Serena n\u00e3o \u00e9 Luna e aposta que ela jamais aprender\u00e1 a dan\u00e7ar. Roberval v\u00ea que Serena est\u00e1 passando mal e se oferece para lev\u00e1-la para casa. Serena manda Guto se afastar dela. Raul conta para Cristina que enviou uma carta an\u00f4nima para Rafael acusando Ab\u00edlio de roubar a empresa de rosas. Osvaldo explica para H\u00e9lio que s\u00f3 estava se divertindo um pouco com Eliete. H\u00e9lio comenta com Osvaldo que Divina morrer\u00e1 de ci\u00fames se descobrir. Ab\u00edlio comenta com Clarice que vai comprar um carro. <\/p>\n<p>Clarice tira uma carta ruim no tar\u00f4 e pede que Ab\u00edlio n\u00e3o compre o carro, mas ele n\u00e3o lhe d\u00e1 ouvidos. D\u00e9bora afirma para Cristina que Rafael achar\u00e1 estranha a rea\u00e7\u00e3o que Serena tem ao ver Guto e poder\u00e1 concluir que eles j\u00e1 foram namorados. Ela manda Cristina convencer Guto a n\u00e3o desistir de conquistar Serena. Rafael estranha ao saber que Serena passou mal ao ver Guto e pergunta se ela j\u00e1 n\u00e3o o conhecia. Serena fala para Rafael que ele ter\u00e1 que confiar nela. Jorge \u00e9 demitido de outro emprego. Crispim fala para Bernardo que precisa vender um leit\u00e3o para pagar pelo santo que encomendou. Bernardo n\u00e3o permite que Crispim venda um leit\u00e3o e ele pensa em vender Doralice. Vera confessa para Eduardo que \u00e9 apaixonada por ele. Raul d\u00e1 uma pulseira de Ol\u00edvia a K\u00e1tia. Xavier pergunta a Guto se ele n\u00e3o acha melhor se livrar de Serena de uma vez. Rafael pergunta a Cristina se ela j\u00e1 namorou Guto.<\/p>\n<p> Cristina fala para Rafael que Guto quis namor\u00e1-la, mas nunca conseguiu. Ela insinua para Rafael que talvez Serena e Guto j\u00e1 se conhe\u00e7am, deixando-o perturbado. Eduardo tenta beijar Vera, mas ela n\u00e3o permite. Divina exige que Osvaldo deixe Of\u00e9lia dormir no quarto deles. Mirella fala para Ol\u00edvia que, um dia, ela encontrar\u00e1 um novo amor e voltar\u00e1 a ser feliz. Ol\u00edvia afirma para Mirella que jamais confiar\u00e1 de novo em homem algum. D\u00e9bora garante a Cristina que, aos poucos, ela conseguir\u00e1 envenenar a alma de Rafael. Rafael se pergunta se Serena mentiu para ele. Guto fala para Xavier que s\u00f3 se livrar\u00e1 de Serena se tiver certeza de que ela sabe algo que possa incrimin\u00e1-lo. Serena sonha com Guto e acorda assustada. Rafael recebe a carta dizendo que Ab\u00edlio est\u00e1 roubando dinheiro da empresa. <\/p>\n<p>Cristina sugere a Rafael que ele examine os livros de contabilidade s\u00f3 para se certificar de que n\u00e3o h\u00e1 nada errado na empresa. Gumercindo conta para Rodriguez que K\u00e1tia ganhou uma pulseira de Raul e sugere que ele a siga para flagr\u00e1-la. Cristina pede que Vera fa\u00e7a com que Serena se saia mal nas aulas de bal\u00e9, para que Rafael tire da cabe\u00e7a de que ela \u00e9 a reencarna\u00e7\u00e3o de Luna. Vera concorda. Rafael descobre que Ab\u00edlio foi comprar um carro e fica desconfiado. Crispim pergunta a Ol\u00edvia se ela quer comprar Doralice. Vit\u00f3rio manda Ol\u00edvia comprar a pata para que eles possam cozinh\u00e1-la no jantar inaugural do restaurante. Eliete se insinua para Osvaldo. Mirna chega em casa e descobre que Doralice desapareceu. Cristina convence Guto a n\u00e3o desistir de Serena. Rafael acusa Ab\u00edlio de t\u00ea-lo roubado. Vera percebe que Serena \u00e9 flex\u00edvel como uma bailarina e fica surpresa.<\/p>\n<p>(*) edi\u00e7\u00e3o das novelas da Globo, &#8220;Alma G\u00eamea&#8221;, sujeito a altera\u00e7\u00e3o de data e conte\u00fado.<\/p>\n<p>Sinopse &#8220;Alma G\u00eamea&#8221;: Rafael e Luna casam-se e t\u00eam um filho, mas a felicidade \u00e9 invejada por Cristina. Em um passeio, Rafael reage a um assalto e um dos ladr\u00f5es, que \u00e9 conhecido de Cristina, atira. Luna morre. Enquanto Rafael se desespera com a perda de Luna, em um lugar bem distante dali, nasce a menina Serena, filha de uma \u00edndia com um garimpeiro. Ela cresce em uma aldeia ind\u00edgena e tem vis\u00f5es. <\/p>\n<p>Vinte anos se passam da morte de Luna. Serena consegue trabalho como empregada na mans\u00e3o de Rafael. Serena tem em seu corpo uma marca de nascen\u00e7a, no mesmo lugar em que Luna levou o tiro. A trama segue envolta em mist\u00e9rios e marcada por fatos inexplic\u00e1veis. Rafael passa a acreditar que Serena \u00e9 de fato a reencarna\u00e7\u00e3o de Luna, se apaixona por ela e a pede em casamento. Cristina e sua m\u00e3e D\u00e9bora percebem que Serena representa uma amea\u00e7a, e a novela segue com as duas tramando de tudo para separar os dois.<\/p>\n","protected":false},"excerpt":{"rendered":"<p>Resumo da novela &#8220;Alma G\u00eamea&#8221; em 18\/06: no cap\u00edtulo 037(*) da novela, Guto pede desculpas a Serena por ter lhe for\u00e7ado a dan\u00e7ar. Serena se sente mal ao ver Guto. Guto pergunta a Serena por que ela se sente mal ao v\u00ea-lo. Serena tenta fugir, mas Guto a impede e diz que ela s\u00f3 poder\u00e1 [&hellip;]<\/p>\n","protected":false},"author":5,"featured_media":244165,"comment_status":"closed","ping_status":"closed","sticky":false,"template":"","format":"standard","meta":{"tdm_status":"","tdm_grid_status":"","footnotes":""},"categories":[2328,379,375,2025,343],"tags":[441],"class_list":{"0":"post-245338","1":"post","2":"type-post","3":"status-publish","4":"format-standard","5":"has-post-thumbnail","7":"category-alma-gemea","8":"category-novelas","9":"category-rede-globo","10":"category-resumo","11":"category-televisao","12":"tag-resumo-do-dia"},"_links":{"self":[{"href":"https:\/\/migracao.redenoticia.com.br\/noticia\/wp-json\/wp\/v2\/posts\/245338","targetHints":{"allow":["GET"]}}],"collection":[{"href":"https:\/\/migracao.redenoticia.com.br\/noticia\/wp-json\/wp\/v2\/posts"}],"about":[{"href":"https:\/\/migracao.redenoticia.com.br\/noticia\/wp-json\/wp\/v2\/types\/post"}],"author":[{"embeddable":true,"href":"https:\/\/migracao.redenoticia.com.br\/noticia\/wp-json\/wp\/v2\/users\/5"}],"replies":[{"embeddable":true,"href":"https:\/\/migracao.redenoticia.com.br\/noticia\/wp-json\/wp\/v2\/comments?post=245338"}],"version-history":[{"count":0,"href":"https:\/\/migracao.redenoticia.com.br\/noticia\/wp-json\/wp\/v2\/posts\/245338\/revisions"}],"wp:featuredmedia":[{"embeddable":true,"href":"https:\/\/migracao.redenoticia.com.br\/noticia\/wp-json\/wp\/v2\/media\/244165"}],"wp:attachment":[{"href":"https:\/\/migracao.redenoticia.com.br\/noticia\/wp-json\/wp\/v2\/media?parent=245338"}],"wp:term":[{"taxonomy":"category","embeddable":true,"href":"https:\/\/migracao.redenoticia.com.br\/noticia\/wp-json\/wp\/v2\/categories?post=245338"},{"taxonomy":"post_tag","embeddable":true,"href":"https:\/\/migracao.redenoticia.com.br\/noticia\/wp-json\/wp\/v2\/tags?post=245338"}],"curies":[{"name":"wp","href":"https:\/\/api.w.org\/{rel}","templated":true}]}}