{"id":245379,"date":"2024-06-19T13:05:27","date_gmt":"2024-06-19T16:05:27","guid":{"rendered":"https:\/\/www.redenoticia.com.br\/noticia\/?p=245379"},"modified":"2024-06-19T13:05:27","modified_gmt":"2024-06-19T16:05:27","slug":"resumo-contigo-sim-20-06-alvaro-admite-que-leonardo-lhe-fez-um-pedido","status":"publish","type":"post","link":"https:\/\/migracao.redenoticia.com.br\/noticia\/2024\/resumo-contigo-sim-20-06-alvaro-admite-que-leonardo-lhe-fez-um-pedido\/245379","title":{"rendered":"Resumo \u201cContigo Sim\u201d 20\/06: \u00c1lvaro admite que Leonardo lhe fez um pedido"},"content":{"rendered":"<p> <img loading=\"lazy\" decoding=\"async\" src=\"https:\/\/migracao.redenoticia.com.br\/noticia\/imagens\/novela-contigo-sim-capitulo-resumo.jpg\" alt=\"\" width=\"1280\" height=\"720\" class=\"aligncenter size-full wp-image-243831\" srcset=\"https:\/\/migracao.redenoticia.com.br\/noticia\/imagens\/novela-contigo-sim-capitulo-resumo.jpg 1280w, https:\/\/migracao.redenoticia.com.br\/noticia\/imagens\/novela-contigo-sim-capitulo-resumo-250x140.jpg 250w, https:\/\/migracao.redenoticia.com.br\/noticia\/imagens\/novela-contigo-sim-capitulo-resumo-400x225.jpg 400w, https:\/\/migracao.redenoticia.com.br\/noticia\/imagens\/novela-contigo-sim-capitulo-resumo-768x432.jpg 768w, https:\/\/migracao.redenoticia.com.br\/noticia\/imagens\/novela-contigo-sim-capitulo-resumo-150x85.jpg 150w\" sizes=\"auto, (max-width: 1280px) 100vw, 1280px\" \/>    <\/p>\n<p><strong><em>Resumo da novela \u201cContigo Sim\u201d<\/em><\/strong> em 20\/06: no cap\u00edtulo 044(*) da novela, Nancy liga para Angela para lhe dizer que o inspetor Arredondo pode concordar em testemunhar em seu nome e, embora ainda n\u00e3o seja um fato, isso lhe d\u00e1 um vislumbre de esperan\u00e7a. Pablo diz a Luz que a ama de toda a alma e embora ela resista eles acabam se beijando. Abel, que traz flores \u00e0 luz, v\u00ea-as de longe. <\/p>\n<p>\u00c1lvaro admite que foi Leonardo quem lhe pediu que testemunhasse em nome de Angela, mas ela pede-lhe que se afaste porque n\u00e3o h\u00e1 nada que ela possa fazer. Beatriz percebe que Leonardo est\u00e1 apaixonado por Angela, por isso n\u00e3o tem escolha sen\u00e3o admitir, mesmo sabendo que n\u00e3o est\u00e1 completamente convencida.40<\/p>\n<p>(*) edi\u00e7\u00e3o das novelas do SBT, \u201cContigo Sim\u201d, sujeito a altera\u00e7\u00e3o de data e conte\u00fado.<\/p>\n<p>Sinopse: \u201cContigo Sim\u201d conta a hist\u00f3ria de \u00c1ngela (Alejandra Robles Gil), que \u00e9 enfermeira e estudante de medicina. Ela \u00e9 seduzida por \u00c1lvaro (Danilo Carrera), um jovem ambicioso que visita sua cidade em viagem de neg\u00f3cios para construir um hospital. \u00c1ngela e \u00c1lvaro se casam, mas ele a abandona e volta para a Cidade do M\u00e9xico, onde fica noivo de Samantha (B\u00e1rbara Islas) e se casa com ela tamb\u00e9m. \u00c1ngela decide ir para a Cidade do M\u00e9xico em busca de \u00c1lvaro, ela descobre o engano e conhece Leonardo (Brandon Peniche), um m\u00e9dico que se apaixona por ela e passa a ser seu protetor. \u00c1ngela lutar\u00e1 incansavelmente contra as adversidades do destino, na busca pelo amor verdadeiro. <\/p>\n","protected":false},"excerpt":{"rendered":"<p>Resumo da novela \u201cContigo Sim\u201d em 20\/06: no cap\u00edtulo 044(*) da novela, Nancy liga para Angela para lhe dizer que o inspetor Arredondo pode concordar em testemunhar em seu nome e, embora ainda n\u00e3o seja um fato, isso lhe d\u00e1 um vislumbre de esperan\u00e7a. Pablo diz a Luz que a ama de toda a alma [&hellip;]<\/p>\n","protected":false},"author":3,"featured_media":243830,"comment_status":"closed","ping_status":"closed","sticky":false,"template":"","format":"standard","meta":{"tdm_status":"","tdm_grid_status":"","footnotes":""},"categories":[2327,379,2025,372,343],"tags":[441],"class_list":{"0":"post-245379","1":"post","2":"type-post","3":"status-publish","4":"format-standard","5":"has-post-thumbnail","7":"category-contigo-sim","8":"category-novelas","9":"category-resumo","10":"category-sbt","11":"category-televisao","12":"tag-resumo-do-dia"},"_links":{"self":[{"href":"https:\/\/migracao.redenoticia.com.br\/noticia\/wp-json\/wp\/v2\/posts\/245379","targetHints":{"allow":["GET"]}}],"collection":[{"href":"https:\/\/migracao.redenoticia.com.br\/noticia\/wp-json\/wp\/v2\/posts"}],"about":[{"href":"https:\/\/migracao.redenoticia.com.br\/noticia\/wp-json\/wp\/v2\/types\/post"}],"author":[{"embeddable":true,"href":"https:\/\/migracao.redenoticia.com.br\/noticia\/wp-json\/wp\/v2\/users\/3"}],"replies":[{"embeddable":true,"href":"https:\/\/migracao.redenoticia.com.br\/noticia\/wp-json\/wp\/v2\/comments?post=245379"}],"version-history":[{"count":0,"href":"https:\/\/migracao.redenoticia.com.br\/noticia\/wp-json\/wp\/v2\/posts\/245379\/revisions"}],"wp:featuredmedia":[{"embeddable":true,"href":"https:\/\/migracao.redenoticia.com.br\/noticia\/wp-json\/wp\/v2\/media\/243830"}],"wp:attachment":[{"href":"https:\/\/migracao.redenoticia.com.br\/noticia\/wp-json\/wp\/v2\/media?parent=245379"}],"wp:term":[{"taxonomy":"category","embeddable":true,"href":"https:\/\/migracao.redenoticia.com.br\/noticia\/wp-json\/wp\/v2\/categories?post=245379"},{"taxonomy":"post_tag","embeddable":true,"href":"https:\/\/migracao.redenoticia.com.br\/noticia\/wp-json\/wp\/v2\/tags?post=245379"}],"curies":[{"name":"wp","href":"https:\/\/api.w.org\/{rel}","templated":true}]}}