{"id":245405,"date":"2024-06-20T09:12:29","date_gmt":"2024-06-20T12:12:29","guid":{"rendered":"https:\/\/www.redenoticia.com.br\/noticia\/?p=245405"},"modified":"2024-06-20T09:12:29","modified_gmt":"2024-06-20T12:12:29","slug":"resumo-contigo-sim-21-06-angela-e-absolvida-pela-comissao-universitaria","status":"publish","type":"post","link":"https:\/\/migracao.redenoticia.com.br\/noticia\/2024\/resumo-contigo-sim-21-06-angela-e-absolvida-pela-comissao-universitaria\/245405","title":{"rendered":"Resumo \u201cContigo Sim\u201d 21\/06: Angela \u00e9 absolvida pela comiss\u00e3o universit\u00e1ria"},"content":{"rendered":"<p> <img loading=\"lazy\" decoding=\"async\" src=\"https:\/\/migracao.redenoticia.com.br\/noticia\/imagens\/novela-contigo-sim-capitulo-resumo.jpg\" alt=\"\" width=\"1280\" height=\"720\" class=\"aligncenter size-full wp-image-243831\" srcset=\"https:\/\/migracao.redenoticia.com.br\/noticia\/imagens\/novela-contigo-sim-capitulo-resumo.jpg 1280w, https:\/\/migracao.redenoticia.com.br\/noticia\/imagens\/novela-contigo-sim-capitulo-resumo-250x140.jpg 250w, https:\/\/migracao.redenoticia.com.br\/noticia\/imagens\/novela-contigo-sim-capitulo-resumo-400x225.jpg 400w, https:\/\/migracao.redenoticia.com.br\/noticia\/imagens\/novela-contigo-sim-capitulo-resumo-768x432.jpg 768w, https:\/\/migracao.redenoticia.com.br\/noticia\/imagens\/novela-contigo-sim-capitulo-resumo-150x85.jpg 150w\" sizes=\"auto, (max-width: 1280px) 100vw, 1280px\" \/>    <\/p>\n<p><strong><em>Resumo da novela \u201cContigo Sim\u201d<\/em><\/strong> em 21\/06: no cap\u00edtulo 045(*) da novela, Beatriz ouve uma conversa entre Alma e Samanta, em que a filha diz que prefere ficar longe dela porque n\u00e3o suporta v\u00ea-la doente. Embora Ugarte n\u00e3o concorde com a decis\u00e3o, Angela \u00e9 absolvida pela comiss\u00e3o universit\u00e1ria dos crimes que lhe s\u00e3o atribu\u00eddos. <\/p>\n<p>Leonardo conta a Arredondo que seu pai n\u00e3o usava drogas, ao que o inspetor lhe diz que provavelmente ele estava com algu\u00e9m no momento de sua morte. Mirta diz a Angela que sabe que Leonardo est\u00e1 apaixonado por ela, ent\u00e3o ela lhe pede desculpas e respeita o relacionamento deles.41<\/p>\n<p>(*) edi\u00e7\u00e3o das novelas do SBT, \u201cContigo Sim\u201d, sujeito a altera\u00e7\u00e3o de data e conte\u00fado.<\/p>\n<p>Sinopse: \u201cContigo Sim\u201d conta a hist\u00f3ria de \u00c1ngela (Alejandra Robles Gil), que \u00e9 enfermeira e estudante de medicina. Ela \u00e9 seduzida por \u00c1lvaro (Danilo Carrera), um jovem ambicioso que visita sua cidade em viagem de neg\u00f3cios para construir um hospital. \u00c1ngela e \u00c1lvaro se casam, mas ele a abandona e volta para a Cidade do M\u00e9xico, onde fica noivo de Samantha (B\u00e1rbara Islas) e se casa com ela tamb\u00e9m. \u00c1ngela decide ir para a Cidade do M\u00e9xico em busca de \u00c1lvaro, ela descobre o engano e conhece Leonardo (Brandon Peniche), um m\u00e9dico que se apaixona por ela e passa a ser seu protetor. \u00c1ngela lutar\u00e1 incansavelmente contra as adversidades do destino, na busca pelo amor verdadeiro.<\/p>\n","protected":false},"excerpt":{"rendered":"<p>Resumo da novela \u201cContigo Sim\u201d em 21\/06: no cap\u00edtulo 045(*) da novela, Beatriz ouve uma conversa entre Alma e Samanta, em que a filha diz que prefere ficar longe dela porque n\u00e3o suporta v\u00ea-la doente. Embora Ugarte n\u00e3o concorde com a decis\u00e3o, Angela \u00e9 absolvida pela comiss\u00e3o universit\u00e1ria dos crimes que lhe s\u00e3o atribu\u00eddos. Leonardo [&hellip;]<\/p>\n","protected":false},"author":3,"featured_media":243830,"comment_status":"closed","ping_status":"closed","sticky":false,"template":"","format":"standard","meta":{"tdm_status":"","tdm_grid_status":"","footnotes":""},"categories":[2327,379,2025,372,343],"tags":[441],"class_list":{"0":"post-245405","1":"post","2":"type-post","3":"status-publish","4":"format-standard","5":"has-post-thumbnail","7":"category-contigo-sim","8":"category-novelas","9":"category-resumo","10":"category-sbt","11":"category-televisao","12":"tag-resumo-do-dia"},"_links":{"self":[{"href":"https:\/\/migracao.redenoticia.com.br\/noticia\/wp-json\/wp\/v2\/posts\/245405","targetHints":{"allow":["GET"]}}],"collection":[{"href":"https:\/\/migracao.redenoticia.com.br\/noticia\/wp-json\/wp\/v2\/posts"}],"about":[{"href":"https:\/\/migracao.redenoticia.com.br\/noticia\/wp-json\/wp\/v2\/types\/post"}],"author":[{"embeddable":true,"href":"https:\/\/migracao.redenoticia.com.br\/noticia\/wp-json\/wp\/v2\/users\/3"}],"replies":[{"embeddable":true,"href":"https:\/\/migracao.redenoticia.com.br\/noticia\/wp-json\/wp\/v2\/comments?post=245405"}],"version-history":[{"count":0,"href":"https:\/\/migracao.redenoticia.com.br\/noticia\/wp-json\/wp\/v2\/posts\/245405\/revisions"}],"wp:featuredmedia":[{"embeddable":true,"href":"https:\/\/migracao.redenoticia.com.br\/noticia\/wp-json\/wp\/v2\/media\/243830"}],"wp:attachment":[{"href":"https:\/\/migracao.redenoticia.com.br\/noticia\/wp-json\/wp\/v2\/media?parent=245405"}],"wp:term":[{"taxonomy":"category","embeddable":true,"href":"https:\/\/migracao.redenoticia.com.br\/noticia\/wp-json\/wp\/v2\/categories?post=245405"},{"taxonomy":"post_tag","embeddable":true,"href":"https:\/\/migracao.redenoticia.com.br\/noticia\/wp-json\/wp\/v2\/tags?post=245405"}],"curies":[{"name":"wp","href":"https:\/\/api.w.org\/{rel}","templated":true}]}}