{"id":2455,"date":"2009-06-06T09:31:01","date_gmt":"2009-06-06T13:31:01","guid":{"rendered":"http:\/\/www.redenoticia.com.br\/noticia\/?p=2455"},"modified":"2009-06-06T13:14:37","modified_gmt":"2009-06-06T17:14:37","slug":"video-do-caca-da-fab-perseguindo-e-atirando-em-monomotor-que-sobrevoava-rondonia","status":"publish","type":"post","link":"https:\/\/migracao.redenoticia.com.br\/noticia\/2009\/video-do-caca-da-fab-perseguindo-e-atirando-em-monomotor-que-sobrevoava-rondonia\/2455","title":{"rendered":"Video do Ca\u00e7a da FAB perseguindo e atirando em monomotor que sobrevoava Rond\u00f4nia"},"content":{"rendered":"<p>Um avi\u00e3o monomotor que transportava 176 kg de pasta base de coca\u00edna foi interceptado por ca\u00e7as da FAB (For\u00e7a A\u00e9rea Brasileira) antes de pousar em uma pista de terra em um distrito de Alta Floresta D&#8217;Oeste (RO). A opera\u00e7\u00e3o ocorreu na \u00faltima quarta-feira (3), mas s\u00f3 foi divulgada nesta sexta-feira pela Aeron\u00e1utica.<\/p>\n<p>[<object width=\"457\" height=\"368\"><param name=\"movie\" value=\"http:\/\/st1.mais.uol.com.br\/embed.swf?path=\/D\/3E\/7A\/&#038;id=213746&#038;host=http:\/\/st1.mais.uol.com.br&#038;mediaId=237073&#038;codProfile=e0qbgxid79uv&#038;hash=cacas-da-fab-interceptam-aviao-com-cocaina-em-rondonia-0402336EC0B93346\" \/><param name=\"allowscriptaccess\" value=\"always\" \/><param name=\"allowfullscreen\" value=\"true\" \/><param name=\"wmode\" value=\"window\" \/><embed width=\"457\" height=\"368\" allowfullscreen=\"true\" wmode=\"window\" src=\"http:\/\/st1.mais.uol.com.br\/embed.swf?path=\/D\/3E\/7A\/&#038;id=213746&#038;host=http:\/\/st1.mais.uol.com.br&#038;mediaId=237073&#038;codProfile=e0qbgxid79uv&#038;hash=cacas-da-fab-interceptam-aviao-com-cocaina-em-rondonia-0402336EC0B93346\" allowscriptaccess=\"always\" type=\"application\/x-shockwave-flash\"><\/embed><\/object>]<\/p>\n<p>O avi\u00e3o, com matr\u00edcula boliviana, foi identificada como &#8220;tr\u00e1fego irregular&#8221; por uma aeronave-radar, quando voava a uma altitude de cerca de 500 metros. Na sequ\u00eancia, ca\u00e7as A-29 da FAB foram enviados para fazer o reconhecimento da aeronave &#8211;o \u00f3rg\u00e3o n\u00e3o informou quantos ca\u00e7as participaram da a\u00e7\u00e3o.<\/p>\n<p>Ap\u00f3s ser interceptado, o piloto teria se recusado a se identificar e a informar para onde iria, mudando a trajet\u00f3ria em dire\u00e7\u00e3o \u00e0 fronteira da Bol\u00edvia. Como o piloto tamb\u00e9m se recusou a pousar em um uma pista na cidade de Cacoal (RO) &#8211;ordem dada pelas aeronaves da FAB&#8211;, um dos ca\u00e7as A-29 deu um tiro de aviso.<\/p>\n<p>Na sequ\u00eancia, o monomotor fez um pouso, sem autoriza\u00e7\u00e3o, e aterrissou em uma estrada de terra na cidade. Agentes das pol\u00edcias Militar e Federal que haviam sido acionados apreenderam 176 kg de pasta base de coca\u00edna no monomotor boliviano, por\u00e9m, os ocupantes da aeronave j\u00e1 n\u00e3o estavam mais no local.<\/p>\n","protected":false},"excerpt":{"rendered":"<p>Um avi\u00e3o monomotor que transportava 176 kg de pasta base de coca\u00edna foi interceptado por ca\u00e7as da FAB (For\u00e7a A\u00e9rea Brasileira) antes de pousar em uma pista de terra em um distrito de Alta Floresta D&#8217;Oeste (RO). A opera\u00e7\u00e3o ocorreu na \u00faltima quarta-feira (3), mas s\u00f3 foi divulgada nesta sexta-feira pela Aeron\u00e1utica. [] O avi\u00e3o, [&hellip;]<\/p>\n","protected":false},"author":2,"featured_media":0,"comment_status":"open","ping_status":"open","sticky":false,"template":"","format":"standard","meta":{"tdm_status":"","tdm_grid_status":"","footnotes":""},"categories":[22],"tags":[],"class_list":{"0":"post-2455","1":"post","2":"type-post","3":"status-publish","4":"format-standard","6":"category-brasil"},"_links":{"self":[{"href":"https:\/\/migracao.redenoticia.com.br\/noticia\/wp-json\/wp\/v2\/posts\/2455","targetHints":{"allow":["GET"]}}],"collection":[{"href":"https:\/\/migracao.redenoticia.com.br\/noticia\/wp-json\/wp\/v2\/posts"}],"about":[{"href":"https:\/\/migracao.redenoticia.com.br\/noticia\/wp-json\/wp\/v2\/types\/post"}],"author":[{"embeddable":true,"href":"https:\/\/migracao.redenoticia.com.br\/noticia\/wp-json\/wp\/v2\/users\/2"}],"replies":[{"embeddable":true,"href":"https:\/\/migracao.redenoticia.com.br\/noticia\/wp-json\/wp\/v2\/comments?post=2455"}],"version-history":[{"count":0,"href":"https:\/\/migracao.redenoticia.com.br\/noticia\/wp-json\/wp\/v2\/posts\/2455\/revisions"}],"wp:attachment":[{"href":"https:\/\/migracao.redenoticia.com.br\/noticia\/wp-json\/wp\/v2\/media?parent=2455"}],"wp:term":[{"taxonomy":"category","embeddable":true,"href":"https:\/\/migracao.redenoticia.com.br\/noticia\/wp-json\/wp\/v2\/categories?post=2455"},{"taxonomy":"post_tag","embeddable":true,"href":"https:\/\/migracao.redenoticia.com.br\/noticia\/wp-json\/wp\/v2\/tags?post=2455"}],"curies":[{"name":"wp","href":"https:\/\/api.w.org\/{rel}","templated":true}]}}