{"id":245542,"date":"2024-06-26T18:36:37","date_gmt":"2024-06-26T21:36:37","guid":{"rendered":"https:\/\/www.redenoticia.com.br\/noticia\/?p=245542"},"modified":"2024-06-26T18:36:37","modified_gmt":"2024-06-26T21:36:37","slug":"resumo-cheias-de-charme-27-06-socorro-leva-patrick-ao-hospital","status":"publish","type":"post","link":"https:\/\/migracao.redenoticia.com.br\/noticia\/2024\/resumo-cheias-de-charme-27-06-socorro-leva-patrick-ao-hospital\/245542","title":{"rendered":"Resumo &#8220;Cheias de Charme&#8221; 27\/06: Socorro leva Patrick ao hospital"},"content":{"rendered":"<p> <img loading=\"lazy\" decoding=\"async\" src=\"https:\/\/migracao.redenoticia.com.br\/noticia\/imagens\/cheias-de-charme-resumo-novela.jpg\" alt=\"\" width=\"1280\" height=\"720\" class=\"aligncenter size-full wp-image-243085\" srcset=\"https:\/\/migracao.redenoticia.com.br\/noticia\/imagens\/cheias-de-charme-resumo-novela.jpg 1280w, https:\/\/migracao.redenoticia.com.br\/noticia\/imagens\/cheias-de-charme-resumo-novela-250x140.jpg 250w, https:\/\/migracao.redenoticia.com.br\/noticia\/imagens\/cheias-de-charme-resumo-novela-400x225.jpg 400w, https:\/\/migracao.redenoticia.com.br\/noticia\/imagens\/cheias-de-charme-resumo-novela-768x432.jpg 768w, https:\/\/migracao.redenoticia.com.br\/noticia\/imagens\/cheias-de-charme-resumo-novela-150x85.jpg 150w\" sizes=\"auto, (max-width: 1280px) 100vw, 1280px\" \/> <\/p>\n<p><em><strong>Resumo da novela &#8220;Cheias de Charme&#8221;<\/strong><\/em> em 27\/06: no cap\u00edtulo 094(*) da novela, In\u00e1cio resolve lutar no lugar de Fred. Alana percebe o interesse de Samuel em Beatriz. Chayene arma um plano para Fabian se aproximar dela. Penha e Cida n\u00e3o v\u00e3o ensaiar com Ros\u00e1rio. Dinha e In\u00e1cio se beijam. In\u00e1cio e Dinha tomam caf\u00e9 da manh\u00e3 juntos. Socorro fica tensa de n\u00e3o poder ir com Ros\u00e1rio para a grava\u00e7\u00e3o do programa. Sandro leva Patrick para jogar futebol. In\u00e1cio conta para Heraldo que resolveu se entender com Dinha. Socorro v\u00ea Patrick cair no futebol e corre para lev\u00e1-lo ao hospital. Chayene obriga todos em sua casa a participar de um reality show. Isadora, Ariela e S\u00f4nia entregam suas roupas para Brunessa vender.<\/p>\n<p>Alana conta para Samuel que ela e Beatriz v\u00e3o ao Chopeok\u00ea. Lygia vai ao hospital para ver o que aconteceu com Patrick. Simone e Fabian provocam Chayene no reality show. Ivone ganha uma geladeira de Penha. Sidney flagra In\u00e1cio e Dinha se beijando. Penha e Ros\u00e1rio discutem e Cida tenta tranquiliz\u00e1-las. La\u00e9rcio adverte Chayene que o reality show pode acabar com sua carreira. Ros\u00e1rio recebe flores de um admirador e pensa que \u00e9 In\u00e1cio.<\/p>\n<p>(*) edi\u00e7\u00e3o das novelas da Globo, &#8220;Cheias de Charme&#8221;, sujeito a altera\u00e7\u00e3o de data e conte\u00fado.<\/p>\n<p>Sinopse \u201cCheias de Charme\u201d: Penha se apaixona por Gilson. O que ela desconhece \u00e9 que o gal\u00e3 \u00e9 uma antiga paix\u00e3o de juventude de Lygia e o verdadeiro pai de Samuel. Ap\u00f3s conquistar os holofotes, Ros\u00e1rio decide investir em sua carreira como cantora solo. Separada de In\u00e1cio devido a uma arma\u00e7\u00e3o de Fabian e Tom Bastos, ela aceita fazer uma turn\u00ea ao lado do pr\u00edncipe das dom\u00e9sticas, mas Chayene, revoltada com o suposto romance entre o cantor e sua rival, acaba desfigurando o rosto de Fabian ao lhe atirar um prato de sopa quente. <\/p>\n<p>Para n\u00e3o prejudicar os contratos que assinou, Tom Bastos convence In\u00e1cio a se passar por Fabian nos palcos enquanto \u00e9 dublado pelo original. Cida descobre que o ex-patr\u00e3o \u00e9 seu verdadeiro pai. Ernani leva Cida de volta para a mans\u00e3o. Agora \u00e9 ela quem sustenta a casa e d\u00e1 as carta ali, estremecendo o casamento j\u00e1 abalado entre Isadora e Conrado. No entanto, essa reaproxima\u00e7\u00e3o de Cida com os Sarmentos lhe custa o fim de seu namoro com o \u00edntegro advogado Elano.<\/p>\n","protected":false},"excerpt":{"rendered":"<p>Resumo da novela &#8220;Cheias de Charme&#8221; em 27\/06: no cap\u00edtulo 094(*) da novela, In\u00e1cio resolve lutar no lugar de Fred. Alana percebe o interesse de Samuel em Beatriz. Chayene arma um plano para Fabian se aproximar dela. Penha e Cida n\u00e3o v\u00e3o ensaiar com Ros\u00e1rio. Dinha e In\u00e1cio se beijam. In\u00e1cio e Dinha tomam caf\u00e9 [&hellip;]<\/p>\n","protected":false},"author":2,"featured_media":243086,"comment_status":"closed","ping_status":"closed","sticky":false,"template":"","format":"standard","meta":{"tdm_status":"","tdm_grid_status":"","footnotes":""},"categories":[2325,379,375,2025,343],"tags":[441],"class_list":{"0":"post-245542","1":"post","2":"type-post","3":"status-publish","4":"format-standard","5":"has-post-thumbnail","7":"category-cheias-de-charme","8":"category-novelas","9":"category-rede-globo","10":"category-resumo","11":"category-televisao","12":"tag-resumo-do-dia"},"_links":{"self":[{"href":"https:\/\/migracao.redenoticia.com.br\/noticia\/wp-json\/wp\/v2\/posts\/245542","targetHints":{"allow":["GET"]}}],"collection":[{"href":"https:\/\/migracao.redenoticia.com.br\/noticia\/wp-json\/wp\/v2\/posts"}],"about":[{"href":"https:\/\/migracao.redenoticia.com.br\/noticia\/wp-json\/wp\/v2\/types\/post"}],"author":[{"embeddable":true,"href":"https:\/\/migracao.redenoticia.com.br\/noticia\/wp-json\/wp\/v2\/users\/2"}],"replies":[{"embeddable":true,"href":"https:\/\/migracao.redenoticia.com.br\/noticia\/wp-json\/wp\/v2\/comments?post=245542"}],"version-history":[{"count":0,"href":"https:\/\/migracao.redenoticia.com.br\/noticia\/wp-json\/wp\/v2\/posts\/245542\/revisions"}],"wp:featuredmedia":[{"embeddable":true,"href":"https:\/\/migracao.redenoticia.com.br\/noticia\/wp-json\/wp\/v2\/media\/243086"}],"wp:attachment":[{"href":"https:\/\/migracao.redenoticia.com.br\/noticia\/wp-json\/wp\/v2\/media?parent=245542"}],"wp:term":[{"taxonomy":"category","embeddable":true,"href":"https:\/\/migracao.redenoticia.com.br\/noticia\/wp-json\/wp\/v2\/categories?post=245542"},{"taxonomy":"post_tag","embeddable":true,"href":"https:\/\/migracao.redenoticia.com.br\/noticia\/wp-json\/wp\/v2\/tags?post=245542"}],"curies":[{"name":"wp","href":"https:\/\/api.w.org\/{rel}","templated":true}]}}