{"id":245571,"date":"2024-06-27T17:22:14","date_gmt":"2024-06-27T20:22:14","guid":{"rendered":"https:\/\/www.redenoticia.com.br\/noticia\/?p=245571"},"modified":"2024-06-27T17:22:14","modified_gmt":"2024-06-27T20:22:14","slug":"resumo-alma-gemea-28-06-rafael-ve-serena-vestida-de-noiva","status":"publish","type":"post","link":"https:\/\/migracao.redenoticia.com.br\/noticia\/2024\/resumo-alma-gemea-28-06-rafael-ve-serena-vestida-de-noiva\/245571","title":{"rendered":"Resumo &#8220;Alma G\u00eamea&#8221; 28\/06: Rafael v\u00ea Serena vestida de noiva"},"content":{"rendered":"<p> <img loading=\"lazy\" decoding=\"async\" src=\"https:\/\/migracao.redenoticia.com.br\/noticia\/imagens\/resumo-alma-gemea-logo-novela.jpg\" alt=\"\" width=\"1280\" height=\"720\" class=\"aligncenter size-full wp-image-244166\" srcset=\"https:\/\/migracao.redenoticia.com.br\/noticia\/imagens\/resumo-alma-gemea-logo-novela.jpg 1280w, https:\/\/migracao.redenoticia.com.br\/noticia\/imagens\/resumo-alma-gemea-logo-novela-250x140.jpg 250w, https:\/\/migracao.redenoticia.com.br\/noticia\/imagens\/resumo-alma-gemea-logo-novela-400x225.jpg 400w, https:\/\/migracao.redenoticia.com.br\/noticia\/imagens\/resumo-alma-gemea-logo-novela-768x432.jpg 768w, https:\/\/migracao.redenoticia.com.br\/noticia\/imagens\/resumo-alma-gemea-logo-novela-150x85.jpg 150w\" sizes=\"auto, (max-width: 1280px) 100vw, 1280px\" \/><\/p>\n<p><em><strong>Resumo da novela &#8220;Alma G\u00eamea&#8221;<\/strong><\/em> em 28\/06: no cap\u00edtulo 045(*) da novela, Eurico conta para Zulmira que ouviu Cristina tramando com Raul para fazer com que Ab\u00edlio fosse demitido. Ivan ouve Eurico falando de Cristina e pergunta o que ele estava dizendo. Eurico disfar\u00e7a. Vera fala para Eduardo que eles n\u00e3o podem trair Alexandra. Eduardo fica arrasado. Of\u00e9lia grita para que lhe tirem da chuva. Joli ouve o barulho e alerta Serena. Ol\u00edvia fala para Vit\u00f3rio que n\u00e3o pode beij\u00e1-lo nunca mais, pois n\u00e3o quer se arriscar a perder seus filhos. Mirna paparica Jorge com a aprova\u00e7\u00e3o de Crispim. <\/p>\n<p>Ol\u00edvia toma chuva e acorda resfriada no dia da inaugura\u00e7\u00e3o do restaurante. Guto fala para Ter\u00ea que quer sua ajuda para ficar amigo de Serena. Ter\u00ea se recusa e avisa Guto que n\u00e3o vai permitir que ele fa\u00e7a mal para Serena. Rafael convida Agnes e D\u00e9bora para o seu jantar de noivado. Agnes diz a D\u00e9bora que duvida que ela e Cristina tenham realmente aceitado o noivado de Rafael com Serena. Serena pergunta a Rafael por que ele n\u00e3o foi v\u00ea-la. Rafael confessa que estava com ci\u00fames de Guto. Serena diz a Rafael que sente que conhece Guto de outro tempo, deixando-o impressionado. Ela pede que Rafael n\u00e3o desconfie mais dela. <\/p>\n<p>D\u00e9bora fala para Guto que dar\u00e1 um jeito de fazer com que Serena saia do restaurante no meio do jantar para que ele possa surpreend\u00ea-la com um beijo. Madalena leva o vestido de noiva de Serena para que ela experimente. Rafael v\u00ea Serena vestida de noiva. Madalena, Divina e Of\u00e9lia avisam que d\u00e1 azar o noivo ver a noiva antes do casamento. Rafael e Serena n\u00e3o ficam preocupados. Mirna pede que seu Santo Ant\u00f4nio lhe ajude a ficar noiva de Jorge. D\u00e9bora entrega a po\u00e7\u00e3o que comprou para Cristina e avisa que Rafael vai pensar que ela \u00e9 Serena depois de beb\u00ea-la. Jorge confessa para Vit\u00f3rio que est\u00e1 interessado em Mirna e diz que vai ficar amigo de Crispim para que ele n\u00e3o desconfie de nada. Rafael comenta com Cristina que acha que Serena se lembra de Guto de outra vida.<\/p>\n<p>(*) edi\u00e7\u00e3o das novelas da Globo, &#8220;Alma G\u00eamea&#8221;, sujeito a altera\u00e7\u00e3o de data e conte\u00fado.<\/p>\n<p>Sinopse &#8220;Alma G\u00eamea&#8221;: Rafael e Luna casam-se e t\u00eam um filho, mas a felicidade \u00e9 invejada por Cristina. Em um passeio, Rafael reage a um assalto e um dos ladr\u00f5es, que \u00e9 conhecido de Cristina, atira. Luna morre. Enquanto Rafael se desespera com a perda de Luna, em um lugar bem distante dali, nasce a menina Serena, filha de uma \u00edndia com um garimpeiro. Ela cresce em uma aldeia ind\u00edgena e tem vis\u00f5es. <\/p>\n<p>Vinte anos se passam da morte de Luna. Serena consegue trabalho como empregada na mans\u00e3o de Rafael. Serena tem em seu corpo uma marca de nascen\u00e7a, no mesmo lugar em que Luna levou o tiro. A trama segue envolta em mist\u00e9rios e marcada por fatos inexplic\u00e1veis. Rafael passa a acreditar que Serena \u00e9 de fato a reencarna\u00e7\u00e3o de Luna, se apaixona por ela e a pede em casamento. Cristina e sua m\u00e3e D\u00e9bora percebem que Serena representa uma amea\u00e7a, e a novela segue com as duas tramando de tudo para separar os dois.<\/p>\n","protected":false},"excerpt":{"rendered":"<p>Resumo da novela &#8220;Alma G\u00eamea&#8221; em 28\/06: no cap\u00edtulo 045(*) da novela, Eurico conta para Zulmira que ouviu Cristina tramando com Raul para fazer com que Ab\u00edlio fosse demitido. Ivan ouve Eurico falando de Cristina e pergunta o que ele estava dizendo. Eurico disfar\u00e7a. Vera fala para Eduardo que eles n\u00e3o podem trair Alexandra. Eduardo [&hellip;]<\/p>\n","protected":false},"author":5,"featured_media":244165,"comment_status":"closed","ping_status":"closed","sticky":false,"template":"","format":"standard","meta":{"tdm_status":"","tdm_grid_status":"","footnotes":""},"categories":[2328,379,375,2025,343],"tags":[441],"class_list":{"0":"post-245571","1":"post","2":"type-post","3":"status-publish","4":"format-standard","5":"has-post-thumbnail","7":"category-alma-gemea","8":"category-novelas","9":"category-rede-globo","10":"category-resumo","11":"category-televisao","12":"tag-resumo-do-dia"},"_links":{"self":[{"href":"https:\/\/migracao.redenoticia.com.br\/noticia\/wp-json\/wp\/v2\/posts\/245571","targetHints":{"allow":["GET"]}}],"collection":[{"href":"https:\/\/migracao.redenoticia.com.br\/noticia\/wp-json\/wp\/v2\/posts"}],"about":[{"href":"https:\/\/migracao.redenoticia.com.br\/noticia\/wp-json\/wp\/v2\/types\/post"}],"author":[{"embeddable":true,"href":"https:\/\/migracao.redenoticia.com.br\/noticia\/wp-json\/wp\/v2\/users\/5"}],"replies":[{"embeddable":true,"href":"https:\/\/migracao.redenoticia.com.br\/noticia\/wp-json\/wp\/v2\/comments?post=245571"}],"version-history":[{"count":0,"href":"https:\/\/migracao.redenoticia.com.br\/noticia\/wp-json\/wp\/v2\/posts\/245571\/revisions"}],"wp:featuredmedia":[{"embeddable":true,"href":"https:\/\/migracao.redenoticia.com.br\/noticia\/wp-json\/wp\/v2\/media\/244165"}],"wp:attachment":[{"href":"https:\/\/migracao.redenoticia.com.br\/noticia\/wp-json\/wp\/v2\/media?parent=245571"}],"wp:term":[{"taxonomy":"category","embeddable":true,"href":"https:\/\/migracao.redenoticia.com.br\/noticia\/wp-json\/wp\/v2\/categories?post=245571"},{"taxonomy":"post_tag","embeddable":true,"href":"https:\/\/migracao.redenoticia.com.br\/noticia\/wp-json\/wp\/v2\/tags?post=245571"}],"curies":[{"name":"wp","href":"https:\/\/api.w.org\/{rel}","templated":true}]}}