{"id":245669,"date":"2024-07-02T13:36:18","date_gmt":"2024-07-02T16:36:18","guid":{"rendered":"https:\/\/www.redenoticia.com.br\/noticia\/?p=245669"},"modified":"2024-07-02T13:36:18","modified_gmt":"2024-07-02T16:36:18","slug":"resumo-alma-gemea-03-07-rafael-conta-para-felipe-que-vai-se-casar-com-cristina","status":"publish","type":"post","link":"https:\/\/migracao.redenoticia.com.br\/noticia\/2024\/resumo-alma-gemea-03-07-rafael-conta-para-felipe-que-vai-se-casar-com-cristina\/245669","title":{"rendered":"Resumo &#8220;Alma G\u00eamea&#8221; 03\/07: Rafael conta para Felipe que vai se casar com Cristina"},"content":{"rendered":"<p> <img loading=\"lazy\" decoding=\"async\" src=\"https:\/\/migracao.redenoticia.com.br\/noticia\/imagens\/resumo-alma-gemea-logo-novela.jpg\" alt=\"\" width=\"1280\" height=\"720\" class=\"aligncenter size-full wp-image-244166\" srcset=\"https:\/\/migracao.redenoticia.com.br\/noticia\/imagens\/resumo-alma-gemea-logo-novela.jpg 1280w, https:\/\/migracao.redenoticia.com.br\/noticia\/imagens\/resumo-alma-gemea-logo-novela-250x140.jpg 250w, https:\/\/migracao.redenoticia.com.br\/noticia\/imagens\/resumo-alma-gemea-logo-novela-400x225.jpg 400w, https:\/\/migracao.redenoticia.com.br\/noticia\/imagens\/resumo-alma-gemea-logo-novela-768x432.jpg 768w, https:\/\/migracao.redenoticia.com.br\/noticia\/imagens\/resumo-alma-gemea-logo-novela-150x85.jpg 150w\" sizes=\"auto, (max-width: 1280px) 100vw, 1280px\" \/><\/p>\n<p><em><strong>Resumo da novela &#8220;Alma G\u00eamea&#8221;<\/strong><\/em> em 03\/07: no cap\u00edtulo 048(*) da novela, Serena rasga o cheque de Rafael e manda-o n\u00e3o procur\u00e1-la nunca mais. Guto diz a Cristina que s\u00f3 fez o que ela mandou porque quer ficar com ela. Cristina garante a Guto que o ama e que eles ficar\u00e3o juntos. Vera explica para Eduardo que Alexandra s\u00f3 diz coisas verdadeiras e por isso acredita que a voz que ela ouve pode ser sobrenatural. Eduardo n\u00e3o acredita que o problema de Alexandra possa ser espiritual. Clarice diz para Divina que conhece uma mo\u00e7a chamada Mafalda que poder\u00e1 ser uma boa namorada para Vit\u00f3rio. Cristina fala para Rafael que vai se mudar para a casa de Agnes, pois tem vergonha de continuar vivendo sob o mesmo teto que ele. Adelaide, ao ver que Cristina saiu da casa de Rafael, adivinha que ela conseguiu o que queria. <\/p>\n<p>Serena fala para H\u00e9lio que Rafael magoou-a muito, pois tentou comprar sua dignidade. Rafael pede Cristina em casamento, deixando-a radiante. Cristina decide viver na casa de Agnes at\u00e9 se casar e pede que D\u00e9bora v\u00e1 tomar conta da casa de Rafael. Rafael n\u00e3o fica muito entusiasmado com o noivado, para decep\u00e7\u00e3o de Cristina. Dalila pede que Roberval d\u00ea um jeito para que Terezinha pare de chantage\u00e1-lo. Roberval pede a Alaor para conquistar Terezinha. Vit\u00f3rio sai do banho e acaba aparecendo s\u00f3 de toalha na frente de Mafalda. Jorge pergunta a Mirna se pode pegar na m\u00e3o dela, deixando-a encantada. Ol\u00edvia garante a Rafael que, se casar com Cristina, ele cometer\u00e1 um erro. Rafael diz a Ol\u00edvia que n\u00e3o vai admitir que ela fale mal de Cristina. Ol\u00edvia conta para Serena que Rafael vai se casar com Cristina. Serena acusa Cristina de t\u00ea-la enganado.<\/p>\n<p> Serena acusa Cristina de t\u00ea-la enganado para roubar Rafael dela. Cristina agride Serena que fica furiosa e diz que poderia machuc\u00e1-la se quisesse, mas n\u00e3o vai sujar suas m\u00e3os. Ciro v\u00ea tudo de longe. Cristina afirma para Agnes e Adelaide que Serena atacou-a. Agnes e Adelaide dizem a Cristina que foi ela quem provocou Serena, deixando-a furiosa. Serena fala para H\u00e9lio que n\u00e3o vai contar a verdade a Rafael, pois ele a magoou demais. Vera diz para Rafael que ele est\u00e1 se precipitando ao se casar com Cristina. Ol\u00edvia entra na pens\u00e3o de Divina e fica perturbada ao ver Vit\u00f3rio. Mirna n\u00e3o deixa que Jorge pegue em sua m\u00e3o por ser uma mo\u00e7a de respeito. Bernardo fala para Jorge que sabe que ele est\u00e1 interessado em Mirna e concorda em n\u00e3o contar nada a Crispim, contanto que ele a respeite. Rafael conta para Felipe que vai se casar com Cristina. <\/p>\n<p>Felipe diz para Rafael que ele est\u00e1 agindo errado, por ir contra ao que sente. D\u00e9bora avisa Zulmira e Eurico que vai ser uma patroa muito mais exigente que Cristina. Roberval diz a Dalila que gostaria muito de saber se a crian\u00e7a vai ser menino ou menina. Dalila fica feliz, mas disfar\u00e7a. Ol\u00edvia n\u00e3o gosta de saber que Divina quis apresentar Mafalda para Vit\u00f3rio. Alaor come\u00e7a a cortejar Terezinha, mas acaba falando mal dos cabelos dela. Eliete pergunta a Divina se ela tem certeza de que Osvaldo nunca a traiu. Divina garante que vai acabar com Osvaldo se descobrir uma trai\u00e7\u00e3o. Vera pergunta a Alexandra como \u00e9 a voz que ela ouve. Cristina v\u00ea Rafael ouvindo a m\u00fasica de Luna e fica furiosa. Serena pergunta a Adelaide por que ela a chamou de neta. Cristina exige que Rafael pare com suas recorda\u00e7\u00f5es, deixando-o surpreso.<\/p>\n<p>(*) edi\u00e7\u00e3o das novelas da Globo, &#8220;Alma G\u00eamea&#8221;, sujeito a altera\u00e7\u00e3o de data e conte\u00fado.<\/p>\n<p>Sinopse &#8220;Alma G\u00eamea&#8221;: Rafael e Luna casam-se e t\u00eam um filho, mas a felicidade \u00e9 invejada por Cristina. Em um passeio, Rafael reage a um assalto e um dos ladr\u00f5es, que \u00e9 conhecido de Cristina, atira. Luna morre. Enquanto Rafael se desespera com a perda de Luna, em um lugar bem distante dali, nasce a menina Serena, filha de uma \u00edndia com um garimpeiro. Ela cresce em uma aldeia ind\u00edgena e tem vis\u00f5es. <\/p>\n<p>Vinte anos se passam da morte de Luna. Serena consegue trabalho como empregada na mans\u00e3o de Rafael. Serena tem em seu corpo uma marca de nascen\u00e7a, no mesmo lugar em que Luna levou o tiro. A trama segue envolta em mist\u00e9rios e marcada por fatos inexplic\u00e1veis. Rafael passa a acreditar que Serena \u00e9 de fato a reencarna\u00e7\u00e3o de Luna, se apaixona por ela e a pede em casamento. Cristina e sua m\u00e3e D\u00e9bora percebem que Serena representa uma amea\u00e7a, e a novela segue com as duas tramando de tudo para separar os dois.<\/p>\n","protected":false},"excerpt":{"rendered":"<p>Resumo da novela &#8220;Alma G\u00eamea&#8221; em 03\/07: no cap\u00edtulo 048(*) da novela, Serena rasga o cheque de Rafael e manda-o n\u00e3o procur\u00e1-la nunca mais. Guto diz a Cristina que s\u00f3 fez o que ela mandou porque quer ficar com ela. Cristina garante a Guto que o ama e que eles ficar\u00e3o juntos. Vera explica para [&hellip;]<\/p>\n","protected":false},"author":5,"featured_media":244165,"comment_status":"closed","ping_status":"closed","sticky":false,"template":"","format":"standard","meta":{"tdm_status":"","tdm_grid_status":"","footnotes":""},"categories":[2328,379,375,2025,343],"tags":[441],"class_list":{"0":"post-245669","1":"post","2":"type-post","3":"status-publish","4":"format-standard","5":"has-post-thumbnail","7":"category-alma-gemea","8":"category-novelas","9":"category-rede-globo","10":"category-resumo","11":"category-televisao","12":"tag-resumo-do-dia"},"_links":{"self":[{"href":"https:\/\/migracao.redenoticia.com.br\/noticia\/wp-json\/wp\/v2\/posts\/245669","targetHints":{"allow":["GET"]}}],"collection":[{"href":"https:\/\/migracao.redenoticia.com.br\/noticia\/wp-json\/wp\/v2\/posts"}],"about":[{"href":"https:\/\/migracao.redenoticia.com.br\/noticia\/wp-json\/wp\/v2\/types\/post"}],"author":[{"embeddable":true,"href":"https:\/\/migracao.redenoticia.com.br\/noticia\/wp-json\/wp\/v2\/users\/5"}],"replies":[{"embeddable":true,"href":"https:\/\/migracao.redenoticia.com.br\/noticia\/wp-json\/wp\/v2\/comments?post=245669"}],"version-history":[{"count":0,"href":"https:\/\/migracao.redenoticia.com.br\/noticia\/wp-json\/wp\/v2\/posts\/245669\/revisions"}],"wp:featuredmedia":[{"embeddable":true,"href":"https:\/\/migracao.redenoticia.com.br\/noticia\/wp-json\/wp\/v2\/media\/244165"}],"wp:attachment":[{"href":"https:\/\/migracao.redenoticia.com.br\/noticia\/wp-json\/wp\/v2\/media?parent=245669"}],"wp:term":[{"taxonomy":"category","embeddable":true,"href":"https:\/\/migracao.redenoticia.com.br\/noticia\/wp-json\/wp\/v2\/categories?post=245669"},{"taxonomy":"post_tag","embeddable":true,"href":"https:\/\/migracao.redenoticia.com.br\/noticia\/wp-json\/wp\/v2\/tags?post=245669"}],"curies":[{"name":"wp","href":"https:\/\/api.w.org\/{rel}","templated":true}]}}