{"id":245801,"date":"2024-07-08T10:13:29","date_gmt":"2024-07-08T13:13:29","guid":{"rendered":"https:\/\/www.redenoticia.com.br\/noticia\/?p=245801"},"modified":"2024-07-10T17:18:39","modified_gmt":"2024-07-10T20:18:39","slug":"resumo-alma-gemea-09-07-olivia-coloca-pimenta-no-prato-de-cristina","status":"publish","type":"post","link":"https:\/\/migracao.redenoticia.com.br\/noticia\/2024\/resumo-alma-gemea-09-07-olivia-coloca-pimenta-no-prato-de-cristina\/245801","title":{"rendered":"Resumo &#8220;Alma G\u00eamea&#8221; 09\/07: Ol\u00edvia coloca pimenta no prato de Cristina"},"content":{"rendered":"<p><img loading=\"lazy\" decoding=\"async\" src=\"https:\/\/migracao.redenoticia.com.br\/noticia\/imagens\/resumo-alma-gemea-logo-novela.jpg\" alt=\"\" width=\"1280\" height=\"720\" class=\"aligncenter size-full wp-image-244166\" srcset=\"https:\/\/migracao.redenoticia.com.br\/noticia\/imagens\/resumo-alma-gemea-logo-novela.jpg 1280w, https:\/\/migracao.redenoticia.com.br\/noticia\/imagens\/resumo-alma-gemea-logo-novela-250x140.jpg 250w, https:\/\/migracao.redenoticia.com.br\/noticia\/imagens\/resumo-alma-gemea-logo-novela-400x225.jpg 400w, https:\/\/migracao.redenoticia.com.br\/noticia\/imagens\/resumo-alma-gemea-logo-novela-768x432.jpg 768w, https:\/\/migracao.redenoticia.com.br\/noticia\/imagens\/resumo-alma-gemea-logo-novela-150x85.jpg 150w\" sizes=\"auto, (max-width: 1280px) 100vw, 1280px\" \/><\/p>\n<p><em><strong>Resumo da novela &#8220;Alma G\u00eamea&#8221;<\/strong><\/em> em 09\/07: no cap\u00edtulo 052(*) da novela, Serena diz n\u00e3o suportar mais as idas e vindas de seu romance com Rafael e quer um novo destino para ela. H\u00e9lio se oferece para ser seu companheiro nesta nova vida, mas a Serena explica que gosta dele como amigo. Adelaide e Agnes acusam Cristina de tentar roubar Rafael de Luna. Cristina rebate que foi Luna quem roubou a sua vida. Adelaide diz que conseguir\u00e1 uma prova de que Serena \u00e9 Luna. D\u00e9bora pede desculpas a Rafael. O bot\u00e2nico, por sua vez, avisa que ela ter\u00e1 que sair de sua casa, caso mande limpar o ateli\u00ea outra vez sem sua ordem. <\/p>\n<p>Dalila reclama porque Of\u00e9lia tricota para o cachorro e n\u00e3o para o bisneto. Mirna n\u00e3o molha a m\u00e3o porque foi onde Jorge a beijou, enquanto Crispim se recusa a lavar a bochecha beijada por K\u00e1tia. Bernardo chama os sobrinhos de porcos. Eduardo acalma Alexandra, que diz que uma voz far\u00e1 uma coisa muito ruim a ela, se n\u00e3o obedecer. Vera diz que vai buscar ajuda, j\u00e1 que acredita que a doen\u00e7a de Alexandra possa ser espiritual. <\/p>\n<p>Cristina insiste que Guto fa\u00e7a o que pediu, mas n\u00e3o o paga porque n\u00e3o tem dinheiro. Raul procura Serena e diz que Rafael est\u00e1 preocupado com suas despesas. Ela se recusa a aceitar dinheiro dele. Cristina e Rafael jantam juntos. Gumercindo fica tonto porque Cristina chama-o de bonit\u00e3o. <\/p>\n<p>(*) edi\u00e7\u00e3o das novelas da Globo, &#8220;Alma G\u00eamea&#8221;, sujeito a altera\u00e7\u00e3o de data e conte\u00fado.<\/p>\n<p>Sinopse &#8220;Alma G\u00eamea&#8221;: Rafael e Luna casam-se e t\u00eam um filho, mas a felicidade \u00e9 invejada por Cristina. Em um passeio, Rafael reage a um assalto e um dos ladr\u00f5es, que \u00e9 conhecido de Cristina, atira. Luna morre. Enquanto Rafael se desespera com a perda de Luna, em um lugar bem distante dali, nasce a menina Serena, filha de uma \u00edndia com um garimpeiro. Ela cresce em uma aldeia ind\u00edgena e tem vis\u00f5es. <\/p>\n<p>Vinte anos se passam da morte de Luna. Serena consegue trabalho como empregada na mans\u00e3o de Rafael. Serena tem em seu corpo uma marca de nascen\u00e7a, no mesmo lugar em que Luna levou o tiro. A trama segue envolta em mist\u00e9rios e marcada por fatos inexplic\u00e1veis. Rafael passa a acreditar que Serena \u00e9 de fato a reencarna\u00e7\u00e3o de Luna, se apaixona por ela e a pede em casamento. Cristina e sua m\u00e3e D\u00e9bora percebem que Serena representa uma amea\u00e7a, e a novela segue com as duas tramando de tudo para separar os dois.<\/p>\n","protected":false},"excerpt":{"rendered":"<p>Resumo da novela &#8220;Alma G\u00eamea&#8221; em 09\/07: no cap\u00edtulo 052(*) da novela, Serena diz n\u00e3o suportar mais as idas e vindas de seu romance com Rafael e quer um novo destino para ela. H\u00e9lio se oferece para ser seu companheiro nesta nova vida, mas a Serena explica que gosta dele como amigo. Adelaide e Agnes [&hellip;]<\/p>\n","protected":false},"author":5,"featured_media":244165,"comment_status":"closed","ping_status":"closed","sticky":false,"template":"","format":"standard","meta":{"tdm_status":"","tdm_grid_status":"","footnotes":""},"categories":[2328,379,375,2025,343],"tags":[441],"class_list":{"0":"post-245801","1":"post","2":"type-post","3":"status-publish","4":"format-standard","5":"has-post-thumbnail","7":"category-alma-gemea","8":"category-novelas","9":"category-rede-globo","10":"category-resumo","11":"category-televisao","12":"tag-resumo-do-dia"},"_links":{"self":[{"href":"https:\/\/migracao.redenoticia.com.br\/noticia\/wp-json\/wp\/v2\/posts\/245801","targetHints":{"allow":["GET"]}}],"collection":[{"href":"https:\/\/migracao.redenoticia.com.br\/noticia\/wp-json\/wp\/v2\/posts"}],"about":[{"href":"https:\/\/migracao.redenoticia.com.br\/noticia\/wp-json\/wp\/v2\/types\/post"}],"author":[{"embeddable":true,"href":"https:\/\/migracao.redenoticia.com.br\/noticia\/wp-json\/wp\/v2\/users\/5"}],"replies":[{"embeddable":true,"href":"https:\/\/migracao.redenoticia.com.br\/noticia\/wp-json\/wp\/v2\/comments?post=245801"}],"version-history":[{"count":0,"href":"https:\/\/migracao.redenoticia.com.br\/noticia\/wp-json\/wp\/v2\/posts\/245801\/revisions"}],"wp:featuredmedia":[{"embeddable":true,"href":"https:\/\/migracao.redenoticia.com.br\/noticia\/wp-json\/wp\/v2\/media\/244165"}],"wp:attachment":[{"href":"https:\/\/migracao.redenoticia.com.br\/noticia\/wp-json\/wp\/v2\/media?parent=245801"}],"wp:term":[{"taxonomy":"category","embeddable":true,"href":"https:\/\/migracao.redenoticia.com.br\/noticia\/wp-json\/wp\/v2\/categories?post=245801"},{"taxonomy":"post_tag","embeddable":true,"href":"https:\/\/migracao.redenoticia.com.br\/noticia\/wp-json\/wp\/v2\/tags?post=245801"}],"curies":[{"name":"wp","href":"https:\/\/api.w.org\/{rel}","templated":true}]}}