{"id":245809,"date":"2024-07-10T10:31:51","date_gmt":"2024-07-10T13:31:51","guid":{"rendered":"https:\/\/www.redenoticia.com.br\/noticia\/?p=245809"},"modified":"2024-07-10T10:31:51","modified_gmt":"2024-07-10T13:31:51","slug":"resumo-renascer-11-07-egidio-agride-marcal","status":"publish","type":"post","link":"https:\/\/migracao.redenoticia.com.br\/noticia\/2024\/resumo-renascer-11-07-egidio-agride-marcal\/245809","title":{"rendered":"Resumo &#8220;Renascer&#8221; 11\/07: Eg\u00eddio agride Mar\u00e7al"},"content":{"rendered":"<p> <img loading=\"lazy\" decoding=\"async\" src=\"https:\/\/migracao.redenoticia.com.br\/noticia\/imagens\/renascer-resumo-capitulos-hoje.jpg\" alt=\"\" width=\"1280\" height=\"720\" class=\"aligncenter size-full wp-image-241929\" srcset=\"https:\/\/migracao.redenoticia.com.br\/noticia\/imagens\/renascer-resumo-capitulos-hoje.jpg 1280w, https:\/\/migracao.redenoticia.com.br\/noticia\/imagens\/renascer-resumo-capitulos-hoje-250x140.jpg 250w, https:\/\/migracao.redenoticia.com.br\/noticia\/imagens\/renascer-resumo-capitulos-hoje-400x225.jpg 400w, https:\/\/migracao.redenoticia.com.br\/noticia\/imagens\/renascer-resumo-capitulos-hoje-768x432.jpg 768w, https:\/\/migracao.redenoticia.com.br\/noticia\/imagens\/renascer-resumo-capitulos-hoje-150x85.jpg 150w\" sizes=\"auto, (max-width: 1280px) 100vw, 1280px\" \/><\/p>\n<p><strong><em>Resumo da novela &#8220;Renascer&#8221;<\/em><\/strong> em 11\/07: no cap\u00edtulo 147(*) da novela, Ti\u00e3o recusa a proposta de Jos\u00e9 Inoc\u00eancio e n\u00e3o denuncia o autor de sua agress\u00e3o. Aurora aceita o convite de Jos\u00e9 Inoc\u00eancio para ficar uns dias na fazenda. Eg\u00eddio debocha de Dona Patroa. Deocleciano incentiva Jos\u00e9 Inoc\u00eancio a fazer a consultoria para o grupo em que Aurora trabalha. Jos\u00e9 Inoc\u00eancio avisa aos filhos que, para se afastar da fazenda, os tr\u00eas dever\u00e3o tomar conta de tudo juntos. Dami\u00e3o v\u00ea Ritinha de conversa com Bento, que fica apreensivo. Jos\u00e9 Inoc\u00eancio presenteia Ti\u00e3o com seu capetinha e pede segredo. In\u00e1cia n\u00e3o gosta de saber que o patr\u00e3o se desfez de seu amuleto. Ti\u00e3o faz seu pedido ao capetinha.<\/p>\n<p>Jos\u00e9 Inoc\u00eancio orienta Dami\u00e3o para o trabalho durante sua aus\u00eancia, e elogia Zinha. Mariana n\u00e3o se conforma ao saber por In\u00e1cia que Jos\u00e9 Inoc\u00eancio viajou para o Esp\u00edrito Santo ao encontro de Aurora. Mariana prop\u00f5e a Eg\u00eddio que ambos separem Sandra de Jo\u00e3o Pedro. Eliana provoca Dami\u00e3o, sugerindo que Ritinha est\u00e1 com outro homem. In\u00e1cia comenta com Teca que teme uma tocaia de Mariana contra Jos\u00e9 Inoc\u00eancio. Eliana inventa para Eg\u00eddio que Mar\u00e7al pode estar interessado nela. Eg\u00eddio agride Mar\u00e7al, que promete se vingar do patr\u00e3o. Dona Patroa confronta Eg\u00eddio ao se deparar com o ex-marido em sua casa.<\/p>\n<p>(*) edi\u00e7\u00e3o das novelas da Globo, &#8220;Renascer&#8221;, sujeito a altera\u00e7\u00e3o de data e conte\u00fado.<\/p>\n<p>Sinopse &#8220;Renascer&#8221;: Jos\u00e9 Inoc\u00eancio chegou na zona cacaueira de Ilh\u00e9us, na Bahia, e fincou um fac\u00e3o aos p\u00e9s de um frondoso jequitib\u00e1. Este gesto passa a ser o s\u00edmbolo de sua coragem e do sonho de se tornar eterno. Apaixona-se ap\u00f3s o boi-bumb\u00e1 passar por sua fazenda, casa-se com Maria Santa e torna-se pai de quatro filhos: Jos\u00e9 Augusto, Jos\u00e9 Bento, Jos\u00e9 Ven\u00e2ncio e Jo\u00e3o Pedro, o ca\u00e7ula, cujo nascimento \u00e9 acompanhado da morte da m\u00e3e, por complica\u00e7\u00f5es durante o parto.<\/p>\n<p>O fato faz com que Z\u00e9 Inoc\u00eancio desenvolva um relacionamento de \u00f3dio com o filho. Essa desaven\u00e7a \u00e9 que conduz todas as tramas da hist\u00f3ria. Elas se aceleram quando Inoc\u00eancio, j\u00e1 cinquent\u00e3o, conquista e casa-se com a namorada de Jo\u00e3o Pedro, a jovem Mariana. Esta \u00e9 neta do seu maior desafeto no passado, Belarmino, assassinado de forma misteriosa, com as suspeitas recaindo sobre o pr\u00f3prio Inoc\u00eancio. <\/p>\n","protected":false},"excerpt":{"rendered":"<p>Resumo da novela &#8220;Renascer&#8221; em 11\/07: no cap\u00edtulo 147(*) da novela, Ti\u00e3o recusa a proposta de Jos\u00e9 Inoc\u00eancio e n\u00e3o denuncia o autor de sua agress\u00e3o. Aurora aceita o convite de Jos\u00e9 Inoc\u00eancio para ficar uns dias na fazenda. Eg\u00eddio debocha de Dona Patroa. Deocleciano incentiva Jos\u00e9 Inoc\u00eancio a fazer a consultoria para o grupo [&hellip;]<\/p>\n","protected":false},"author":4,"featured_media":241527,"comment_status":"closed","ping_status":"closed","sticky":false,"template":"","format":"standard","meta":{"tdm_status":"","tdm_grid_status":"","footnotes":""},"categories":[379,375,2323,2025,343],"tags":[441],"class_list":{"0":"post-245809","1":"post","2":"type-post","3":"status-publish","4":"format-standard","5":"has-post-thumbnail","7":"category-novelas","8":"category-rede-globo","9":"category-renascer","10":"category-resumo","11":"category-televisao","12":"tag-resumo-do-dia"},"_links":{"self":[{"href":"https:\/\/migracao.redenoticia.com.br\/noticia\/wp-json\/wp\/v2\/posts\/245809","targetHints":{"allow":["GET"]}}],"collection":[{"href":"https:\/\/migracao.redenoticia.com.br\/noticia\/wp-json\/wp\/v2\/posts"}],"about":[{"href":"https:\/\/migracao.redenoticia.com.br\/noticia\/wp-json\/wp\/v2\/types\/post"}],"author":[{"embeddable":true,"href":"https:\/\/migracao.redenoticia.com.br\/noticia\/wp-json\/wp\/v2\/users\/4"}],"replies":[{"embeddable":true,"href":"https:\/\/migracao.redenoticia.com.br\/noticia\/wp-json\/wp\/v2\/comments?post=245809"}],"version-history":[{"count":0,"href":"https:\/\/migracao.redenoticia.com.br\/noticia\/wp-json\/wp\/v2\/posts\/245809\/revisions"}],"wp:featuredmedia":[{"embeddable":true,"href":"https:\/\/migracao.redenoticia.com.br\/noticia\/wp-json\/wp\/v2\/media\/241527"}],"wp:attachment":[{"href":"https:\/\/migracao.redenoticia.com.br\/noticia\/wp-json\/wp\/v2\/media?parent=245809"}],"wp:term":[{"taxonomy":"category","embeddable":true,"href":"https:\/\/migracao.redenoticia.com.br\/noticia\/wp-json\/wp\/v2\/categories?post=245809"},{"taxonomy":"post_tag","embeddable":true,"href":"https:\/\/migracao.redenoticia.com.br\/noticia\/wp-json\/wp\/v2\/tags?post=245809"}],"curies":[{"name":"wp","href":"https:\/\/api.w.org\/{rel}","templated":true}]}}