{"id":245883,"date":"2024-07-11T13:21:26","date_gmt":"2024-07-11T16:21:26","guid":{"rendered":"https:\/\/www.redenoticia.com.br\/noticia\/?p=245883"},"modified":"2024-07-11T13:21:26","modified_gmt":"2024-07-11T16:21:26","slug":"resumo-contigo-sim-12-07-angela-desmaia-e-seu-bebe-corre-risco","status":"publish","type":"post","link":"https:\/\/migracao.redenoticia.com.br\/noticia\/2024\/resumo-contigo-sim-12-07-angela-desmaia-e-seu-bebe-corre-risco\/245883","title":{"rendered":"Resumo \u201cContigo Sim\u201d 12\/07: \u00c2ngela desmaia e seu beb\u00ea corre risco"},"content":{"rendered":"<p> <img loading=\"lazy\" decoding=\"async\" src=\"https:\/\/migracao.redenoticia.com.br\/noticia\/imagens\/novela-contigo-sim-capitulo-resumo.jpg\" alt=\"\" width=\"1280\" height=\"720\" class=\"aligncenter size-full wp-image-243831\" srcset=\"https:\/\/migracao.redenoticia.com.br\/noticia\/imagens\/novela-contigo-sim-capitulo-resumo.jpg 1280w, https:\/\/migracao.redenoticia.com.br\/noticia\/imagens\/novela-contigo-sim-capitulo-resumo-250x140.jpg 250w, https:\/\/migracao.redenoticia.com.br\/noticia\/imagens\/novela-contigo-sim-capitulo-resumo-400x225.jpg 400w, https:\/\/migracao.redenoticia.com.br\/noticia\/imagens\/novela-contigo-sim-capitulo-resumo-768x432.jpg 768w, https:\/\/migracao.redenoticia.com.br\/noticia\/imagens\/novela-contigo-sim-capitulo-resumo-150x85.jpg 150w\" sizes=\"auto, (max-width: 1280px) 100vw, 1280px\" \/>    <\/p>\n<p><strong><em>Resumo da novela \u201cContigo Sim\u201d<\/em><\/strong> em 12\/07: no cap\u00edtulo 060(*) da novela, \u00c1lvaro aplaude os progressos que Clara tem feito na sua sa\u00fade. Leonardo busca conselhos sobre seu relacionamento com Alma e \u00c2ngela. Leonardo tenta pedir desculpas a \u00c2ngela, mas ela n\u00e3o acredita e eles acabam discutindo. Mirta ganha sua nova pr\u00f3tese. Gerardo descobre que sumiram as joias de sua esposa. Samantha planeja se livrar do beb\u00ea de Angela. Alma pede outra chance a Leonardo. Estrelinha foge de casa.<\/p>\n<p>Ap\u00f3s o desaparecimento de algumas joias de Beatriz, Gerardo re\u00fane todos os funcion\u00e1rios que trabalham em sua casa para saber se algu\u00e9m as viu, para que todos lhe garantam que n\u00e3o levaram nada; Por\u00e9m, Samanta e Mirta acusam Adela de roubo e querem coloc\u00e1-la na pris\u00e3o. Mirta consegue vender sua galeria de arte gra\u00e7as \u00e0s pinturas de Beatriz. <\/p>\n<p>\u00c2ngela desmaia e os m\u00e9dicos informam que ela est\u00e1 amea\u00e7ada de aborto, ent\u00e3o seu beb\u00ea corre risco de morrer e para salv\u00e1-lo ela deve descansar completamente, Adela n\u00e3o planeja mais suportar mais humilha\u00e7\u00f5es e pede demiss\u00e3o do emprego na casa dos Vega. e ap\u00f3s o beijo de Clarita, Dar\u00edo pede que ela esque\u00e7a o que aconteceu. \u00c1lvaro, ao saber que \u00c2ngela sofreu uma amea\u00e7a de aborto, culpa Leonardo pelo ocorrido. Clarita confessa seu amor a Dar\u00edo, mas ele se recusa a aceitar que se apaixonou pela irm\u00e3 de \u00c1lvaro e pede que ela entenda sua posi\u00e7\u00e3o, mas n\u00e3o antes de lhe dar um beijo.<\/p>\n<p>(*) edi\u00e7\u00e3o das novelas do SBT, \u201cContigo Sim\u201d, sujeito a altera\u00e7\u00e3o de data e conte\u00fado.<\/p>\n<p>Sinopse: \u201cContigo Sim\u201d conta a hist\u00f3ria de \u00c1ngela (Alejandra Robles Gil), que \u00e9 enfermeira e estudante de medicina. Ela \u00e9 seduzida por \u00c1lvaro (Danilo Carrera), um jovem ambicioso que visita sua cidade em viagem de neg\u00f3cios para construir um hospital. \u00c1ngela e \u00c1lvaro se casam, mas ele a abandona e volta para a Cidade do M\u00e9xico, onde fica noivo de Samantha (B\u00e1rbara Islas) e se casa com ela tamb\u00e9m. \u00c1ngela decide ir para a Cidade do M\u00e9xico em busca de \u00c1lvaro, ela descobre o engano e conhece Leonardo (Brandon Peniche), um m\u00e9dico que se apaixona por ela e passa a ser seu protetor. \u00c1ngela lutar\u00e1 incansavelmente contra as adversidades do destino, na busca pelo amor verdadeiro.  <\/p>\n","protected":false},"excerpt":{"rendered":"<p>Resumo da novela \u201cContigo Sim\u201d em 12\/07: no cap\u00edtulo 060(*) da novela, \u00c1lvaro aplaude os progressos que Clara tem feito na sua sa\u00fade. Leonardo busca conselhos sobre seu relacionamento com Alma e \u00c2ngela. Leonardo tenta pedir desculpas a \u00c2ngela, mas ela n\u00e3o acredita e eles acabam discutindo. Mirta ganha sua nova pr\u00f3tese. Gerardo descobre que [&hellip;]<\/p>\n","protected":false},"author":3,"featured_media":243830,"comment_status":"closed","ping_status":"closed","sticky":false,"template":"","format":"standard","meta":{"tdm_status":"","tdm_grid_status":"","footnotes":""},"categories":[2327,379,2025,372,343],"tags":[441],"class_list":{"0":"post-245883","1":"post","2":"type-post","3":"status-publish","4":"format-standard","5":"has-post-thumbnail","7":"category-contigo-sim","8":"category-novelas","9":"category-resumo","10":"category-sbt","11":"category-televisao","12":"tag-resumo-do-dia"},"_links":{"self":[{"href":"https:\/\/migracao.redenoticia.com.br\/noticia\/wp-json\/wp\/v2\/posts\/245883","targetHints":{"allow":["GET"]}}],"collection":[{"href":"https:\/\/migracao.redenoticia.com.br\/noticia\/wp-json\/wp\/v2\/posts"}],"about":[{"href":"https:\/\/migracao.redenoticia.com.br\/noticia\/wp-json\/wp\/v2\/types\/post"}],"author":[{"embeddable":true,"href":"https:\/\/migracao.redenoticia.com.br\/noticia\/wp-json\/wp\/v2\/users\/3"}],"replies":[{"embeddable":true,"href":"https:\/\/migracao.redenoticia.com.br\/noticia\/wp-json\/wp\/v2\/comments?post=245883"}],"version-history":[{"count":0,"href":"https:\/\/migracao.redenoticia.com.br\/noticia\/wp-json\/wp\/v2\/posts\/245883\/revisions"}],"wp:featuredmedia":[{"embeddable":true,"href":"https:\/\/migracao.redenoticia.com.br\/noticia\/wp-json\/wp\/v2\/media\/243830"}],"wp:attachment":[{"href":"https:\/\/migracao.redenoticia.com.br\/noticia\/wp-json\/wp\/v2\/media?parent=245883"}],"wp:term":[{"taxonomy":"category","embeddable":true,"href":"https:\/\/migracao.redenoticia.com.br\/noticia\/wp-json\/wp\/v2\/categories?post=245883"},{"taxonomy":"post_tag","embeddable":true,"href":"https:\/\/migracao.redenoticia.com.br\/noticia\/wp-json\/wp\/v2\/tags?post=245883"}],"curies":[{"name":"wp","href":"https:\/\/api.w.org\/{rel}","templated":true}]}}