{"id":245889,"date":"2024-07-11T13:28:00","date_gmt":"2024-07-11T16:28:00","guid":{"rendered":"https:\/\/www.redenoticia.com.br\/noticia\/?p=245889"},"modified":"2024-07-11T13:28:00","modified_gmt":"2024-07-11T16:28:00","slug":"resumo-alma-gemea-12-07-serena-diz-que-ainda-esta-ligada-a-rafael","status":"publish","type":"post","link":"https:\/\/migracao.redenoticia.com.br\/noticia\/2024\/resumo-alma-gemea-12-07-serena-diz-que-ainda-esta-ligada-a-rafael\/245889","title":{"rendered":"Resumo &#8220;Alma G\u00eamea&#8221; 12\/07: Serena diz que ainda est\u00e1 ligada a Rafael"},"content":{"rendered":"<p> <img loading=\"lazy\" decoding=\"async\" src=\"https:\/\/migracao.redenoticia.com.br\/noticia\/imagens\/resumo-alma-gemea-logo-novela.jpg\" alt=\"\" width=\"1280\" height=\"720\" class=\"aligncenter size-full wp-image-244166\" srcset=\"https:\/\/migracao.redenoticia.com.br\/noticia\/imagens\/resumo-alma-gemea-logo-novela.jpg 1280w, https:\/\/migracao.redenoticia.com.br\/noticia\/imagens\/resumo-alma-gemea-logo-novela-250x140.jpg 250w, https:\/\/migracao.redenoticia.com.br\/noticia\/imagens\/resumo-alma-gemea-logo-novela-400x225.jpg 400w, https:\/\/migracao.redenoticia.com.br\/noticia\/imagens\/resumo-alma-gemea-logo-novela-768x432.jpg 768w, https:\/\/migracao.redenoticia.com.br\/noticia\/imagens\/resumo-alma-gemea-logo-novela-150x85.jpg 150w\" sizes=\"auto, (max-width: 1280px) 100vw, 1280px\" \/><\/p>\n<p><em><strong>Resumo da novela &#8220;Alma G\u00eamea&#8221;<\/strong><\/em> em 12\/07: no cap\u00edtulo 055(*) da novela, Serena diz que Luna \u00e9 parte dela e que precisa descobrir qual \u00e9 a sua miss\u00e3o. Elias diz que n\u00e3o pode ajud\u00e1-la porque pode ser muito doloroso para ela. Cristina assume que conhecia Guto e que errou ao n\u00e3o contar antes que ele e Serena estavam se encontrando. Rafael garante que, se descobrir que ela est\u00e1 mentindo outra vez, jamais vai perdo\u00e1-la. Elias aconselha Serena a fazer um tratamento com hipnose e promete encontrar algu\u00e9m. Osvaldo elogia Yolanda. Divina explode e parte para cima de Yolanda. Osvaldo diz que ela enlouqueceu. Divina expulsa Yolanda a vassouradas e atira-lhe ovos. Eliete sorri. H\u00e9lio diz \u00e0 m\u00e3e que algu\u00e9m aprontou com ela. Osvaldo n\u00e3o se conforma por ter sido expulso de seu quarto. <\/p>\n<p>Serena diz para Divina que talvez seja mentira o que lhe contaram. Osvaldo quer saber por que Eliete quer acabar com seu casamento. Ela responde que ele lhe prometeu coisas que n\u00e3o cumpriu. Raul diz a Dalila que n\u00e3o sente o menor amor pelo beb\u00ea. Dalila vai para casa chorando. Roberval d\u00e1 um presente para o beb\u00ea e garante se importar muito com ele. D\u00e9bora diz que vender\u00e1 uma j\u00f3ia da m\u00e3e para comprar a casa da pens\u00e3o e manda Cristina fazer algo para afastar Guto da cidade. Ol\u00edvia promete a Mirella que vai falar com o advogado para que Raul n\u00e3o possa tirar-lhe o restaurante. Agnes diz que se irrita com Ciro. Adelaide fala que talvez ele a atraia. Rafael conta que vai receber uma visita na estufa e pro\u00edbe Cristina de segui-lo. Cristina pede para Ivan espionar Rafael. Rodriguez pede K\u00e1tia em casamento. Mirna pede ao santo para n\u00e3o perder Jorge. Rafael manda Ciro descobrir a verdade porque, caso Cristina tenha armado contra Serena, ele acabar\u00e1 com o casamento. H\u00e9lio pede que Serena desista de descobrir se \u00e9 Luna.<\/p>\n<p> Serena diz que tem que se lembrar quem foi para ser livre e poder amar de novo, pois ainda est\u00e1 ligada a Rafael. H\u00e9lio garante que vai ajud\u00e1-la a libertar seu cora\u00e7\u00e3o. Ciro diz ser prov\u00e1vel Serena nunca ter tido nada com Guto. Rafael d\u00e1 dois meses para ele investigar, pois precisa saber tudo antes de se casar. D\u00e9bora acha estranho que Ciro converse com Rafael e promete descobrir como ele foi contratado. Ol\u00edvia diz que \u00e9 uma dama e n\u00e3o vai se interessar por um subalterno. Of\u00e9lia aconselha Divina a expulsar Osvaldo de casa. Eliete consola Divina. S\u00f3 Serena defende Osvaldo. H\u00e9lio pede que Osvaldo marque encontro com Eliete e a fa\u00e7a confessar tudo porque ele levar\u00e1 Divina para ouvir. Roberval d\u00e1 dinheiro para Of\u00e9lia comprar l\u00e3 e fazer uns sapatinhos. K\u00e1tia aceita o pedido de Rodriguez. <\/p>\n<p>Gumercindo passa mal por causa do casamento e Nina o consola. Crispim chora ao ver K\u00e1tia e Rodriguez juntos. Of\u00e9lia insiste para que Vit\u00f3rio e Mafalda conversem. Ol\u00edvia fica furiosa ao ver os dois \u00e0s gargalhadas e joga \u00e1gua neles. Mafalda jura nunca mais aparecer porque Vit\u00f3rio n\u00e3o toma uma atitude. Guto conta para Xavier que Cristina marcou um encontro na igreja. D\u00e9bora pergunta como Agnes arrumou o motorista. Bernardo e Mirna tentam animar Crispim. K\u00e1tia diz a Elias que n\u00e3o pode contar para o noivo que tem uma filha. Divina ouve Eliete confessando tudo e parte para cima dela. Cristina manda Guto sair da cidade. Raul descobre com Dalila que a casa da pens\u00e3o \u00e9 mesmo alugada. Luna aparece no espelho e diz que Serena est\u00e1 no caminho certo e logo elas ser\u00e3o uma s\u00f3.<\/p>\n<p>(*) edi\u00e7\u00e3o das novelas da Globo, &#8220;Alma G\u00eamea&#8221;, sujeito a altera\u00e7\u00e3o de data e conte\u00fado.<\/p>\n<p>Sinopse &#8220;Alma G\u00eamea&#8221;: Rafael e Luna casam-se e t\u00eam um filho, mas a felicidade \u00e9 invejada por Cristina. Em um passeio, Rafael reage a um assalto e um dos ladr\u00f5es, que \u00e9 conhecido de Cristina, atira. Luna morre. Enquanto Rafael se desespera com a perda de Luna, em um lugar bem distante dali, nasce a menina Serena, filha de uma \u00edndia com um garimpeiro. Ela cresce em uma aldeia ind\u00edgena e tem vis\u00f5es. <\/p>\n<p>Vinte anos se passam da morte de Luna. Serena consegue trabalho como empregada na mans\u00e3o de Rafael. Serena tem em seu corpo uma marca de nascen\u00e7a, no mesmo lugar em que Luna levou o tiro. A trama segue envolta em mist\u00e9rios e marcada por fatos inexplic\u00e1veis. Rafael passa a acreditar que Serena \u00e9 de fato a reencarna\u00e7\u00e3o de Luna, se apaixona por ela e a pede em casamento. Cristina e sua m\u00e3e D\u00e9bora percebem que Serena representa uma amea\u00e7a, e a novela segue com as duas tramando de tudo para separar os dois.<\/p>\n","protected":false},"excerpt":{"rendered":"<p>Resumo da novela &#8220;Alma G\u00eamea&#8221; em 12\/07: no cap\u00edtulo 055(*) da novela, Serena diz que Luna \u00e9 parte dela e que precisa descobrir qual \u00e9 a sua miss\u00e3o. Elias diz que n\u00e3o pode ajud\u00e1-la porque pode ser muito doloroso para ela. Cristina assume que conhecia Guto e que errou ao n\u00e3o contar antes que ele [&hellip;]<\/p>\n","protected":false},"author":5,"featured_media":244165,"comment_status":"closed","ping_status":"closed","sticky":false,"template":"","format":"standard","meta":{"tdm_status":"","tdm_grid_status":"","footnotes":""},"categories":[2328,379,375,2025,343],"tags":[441],"class_list":{"0":"post-245889","1":"post","2":"type-post","3":"status-publish","4":"format-standard","5":"has-post-thumbnail","7":"category-alma-gemea","8":"category-novelas","9":"category-rede-globo","10":"category-resumo","11":"category-televisao","12":"tag-resumo-do-dia"},"_links":{"self":[{"href":"https:\/\/migracao.redenoticia.com.br\/noticia\/wp-json\/wp\/v2\/posts\/245889","targetHints":{"allow":["GET"]}}],"collection":[{"href":"https:\/\/migracao.redenoticia.com.br\/noticia\/wp-json\/wp\/v2\/posts"}],"about":[{"href":"https:\/\/migracao.redenoticia.com.br\/noticia\/wp-json\/wp\/v2\/types\/post"}],"author":[{"embeddable":true,"href":"https:\/\/migracao.redenoticia.com.br\/noticia\/wp-json\/wp\/v2\/users\/5"}],"replies":[{"embeddable":true,"href":"https:\/\/migracao.redenoticia.com.br\/noticia\/wp-json\/wp\/v2\/comments?post=245889"}],"version-history":[{"count":0,"href":"https:\/\/migracao.redenoticia.com.br\/noticia\/wp-json\/wp\/v2\/posts\/245889\/revisions"}],"wp:featuredmedia":[{"embeddable":true,"href":"https:\/\/migracao.redenoticia.com.br\/noticia\/wp-json\/wp\/v2\/media\/244165"}],"wp:attachment":[{"href":"https:\/\/migracao.redenoticia.com.br\/noticia\/wp-json\/wp\/v2\/media?parent=245889"}],"wp:term":[{"taxonomy":"category","embeddable":true,"href":"https:\/\/migracao.redenoticia.com.br\/noticia\/wp-json\/wp\/v2\/categories?post=245889"},{"taxonomy":"post_tag","embeddable":true,"href":"https:\/\/migracao.redenoticia.com.br\/noticia\/wp-json\/wp\/v2\/tags?post=245889"}],"curies":[{"name":"wp","href":"https:\/\/api.w.org\/{rel}","templated":true}]}}