{"id":245958,"date":"2024-07-15T12:46:51","date_gmt":"2024-07-15T15:46:51","guid":{"rendered":"https:\/\/www.redenoticia.com.br\/noticia\/?p=245958"},"modified":"2024-07-15T12:46:51","modified_gmt":"2024-07-15T15:46:51","slug":"resumo-contigo-sim-16-07-clarita-confessa-seu-amor-a-dario","status":"publish","type":"post","link":"https:\/\/migracao.redenoticia.com.br\/noticia\/2024\/resumo-contigo-sim-16-07-clarita-confessa-seu-amor-a-dario\/245958","title":{"rendered":"Resumo \u201cContigo Sim\u201d 16\/07: Clarita confessa seu amor a Dar\u00edo"},"content":{"rendered":"<p> <img loading=\"lazy\" decoding=\"async\" src=\"https:\/\/migracao.redenoticia.com.br\/noticia\/imagens\/novela-contigo-sim-capitulo-resumo.jpg\" alt=\"\" width=\"1280\" height=\"720\" class=\"aligncenter size-full wp-image-243831\" srcset=\"https:\/\/migracao.redenoticia.com.br\/noticia\/imagens\/novela-contigo-sim-capitulo-resumo.jpg 1280w, https:\/\/migracao.redenoticia.com.br\/noticia\/imagens\/novela-contigo-sim-capitulo-resumo-250x140.jpg 250w, https:\/\/migracao.redenoticia.com.br\/noticia\/imagens\/novela-contigo-sim-capitulo-resumo-400x225.jpg 400w, https:\/\/migracao.redenoticia.com.br\/noticia\/imagens\/novela-contigo-sim-capitulo-resumo-768x432.jpg 768w, https:\/\/migracao.redenoticia.com.br\/noticia\/imagens\/novela-contigo-sim-capitulo-resumo-150x85.jpg 150w\" sizes=\"auto, (max-width: 1280px) 100vw, 1280px\" \/>    <\/p>\n<p><strong><em>Resumo da novela \u201cContigo Sim\u201d<\/em><\/strong> em 16\/07: no cap\u00edtulo 062(*) da novela, \u00c2ngela desmaia e os m\u00e9dicos informam que ela est\u00e1 amea\u00e7ada de aborto, ent\u00e3o seu beb\u00ea corre risco de morrer e para salv\u00e1-lo ela deve descansar completamente. Adela n\u00e3o planeja mais suportar humilha\u00e7\u00f5es e pede demiss\u00e3o do emprego na casa dos Vega. Ap\u00f3s o beijo de Clarita, Dar\u00edo pede que ela esque\u00e7a o que aconteceu.  <\/p>\n<p>\u00c1lvaro, ao saber que \u00c2ngela sofreu uma amea\u00e7a de aborto, culpa Leonardo pelo ocorrido. Clarita confessa seu amor a Dar\u00edo, mas ele se recusa a aceitar que se apaixonou pela irm\u00e3 de \u00c1lvaro e pede que ela entenda sua posi\u00e7\u00e3o, mas n\u00e3o antes de lhe dar um beijo.<\/p>\n<p>Alma chega ao quarto de \u00c2ngela para ouvir o \u00e1udio de Leonardo onde ele confirma que n\u00e3o tem mais esperan\u00e7a de voltar para ela, ent\u00e3o avisa que vai se casar com o filho de Mirta e Clarita descobre que Dar\u00edo n\u00e3o ser\u00e1 mais seu m\u00e9dico. Don Gerardo procura Adela e pede que ela volte para casa, pois precisa dela em sua vida. Alma amea\u00e7a Adela se ela ou \u00c2ngela confessarem a verdade a Leonardo.  Samanta contacta Ger\u00f3nimo para lhe dizer que ele \u00e9 \u201cincompetente\u201d j\u00e1 que o seu plano contra \u00c2ngela falhou. Leonardo garante a \u00c2ngela que tanto ela como \u00c1lvaro ser\u00e3o um grande exemplo de honestidade para o seu beb\u00e9.<\/p>\n<p>(*) edi\u00e7\u00e3o das novelas do SBT, \u201cContigo Sim\u201d, sujeito a altera\u00e7\u00e3o de data e conte\u00fado.<\/p>\n<p>Sinopse: \u201cContigo Sim\u201d conta a hist\u00f3ria de \u00c1ngela (Alejandra Robles Gil), que \u00e9 enfermeira e estudante de medicina. Ela \u00e9 seduzida por \u00c1lvaro (Danilo Carrera), um jovem ambicioso que visita sua cidade em viagem de neg\u00f3cios para construir um hospital. \u00c1ngela e \u00c1lvaro se casam, mas ele a abandona e volta para a Cidade do M\u00e9xico, onde fica noivo de Samantha (B\u00e1rbara Islas) e se casa com ela tamb\u00e9m. \u00c1ngela decide ir para a Cidade do M\u00e9xico em busca de \u00c1lvaro, ela descobre o engano e conhece Leonardo (Brandon Peniche), um m\u00e9dico que se apaixona por ela e passa a ser seu protetor. \u00c1ngela lutar\u00e1 incansavelmente contra as adversidades do destino, na busca pelo amor verdadeiro.<\/p>\n","protected":false},"excerpt":{"rendered":"<p>Resumo da novela \u201cContigo Sim\u201d em 16\/07: no cap\u00edtulo 062(*) da novela, \u00c2ngela desmaia e os m\u00e9dicos informam que ela est\u00e1 amea\u00e7ada de aborto, ent\u00e3o seu beb\u00ea corre risco de morrer e para salv\u00e1-lo ela deve descansar completamente. Adela n\u00e3o planeja mais suportar humilha\u00e7\u00f5es e pede demiss\u00e3o do emprego na casa dos Vega. Ap\u00f3s o [&hellip;]<\/p>\n","protected":false},"author":3,"featured_media":243830,"comment_status":"closed","ping_status":"closed","sticky":false,"template":"","format":"standard","meta":{"tdm_status":"","tdm_grid_status":"","footnotes":""},"categories":[2327,379,2025,372,343],"tags":[441],"class_list":{"0":"post-245958","1":"post","2":"type-post","3":"status-publish","4":"format-standard","5":"has-post-thumbnail","7":"category-contigo-sim","8":"category-novelas","9":"category-resumo","10":"category-sbt","11":"category-televisao","12":"tag-resumo-do-dia"},"_links":{"self":[{"href":"https:\/\/migracao.redenoticia.com.br\/noticia\/wp-json\/wp\/v2\/posts\/245958","targetHints":{"allow":["GET"]}}],"collection":[{"href":"https:\/\/migracao.redenoticia.com.br\/noticia\/wp-json\/wp\/v2\/posts"}],"about":[{"href":"https:\/\/migracao.redenoticia.com.br\/noticia\/wp-json\/wp\/v2\/types\/post"}],"author":[{"embeddable":true,"href":"https:\/\/migracao.redenoticia.com.br\/noticia\/wp-json\/wp\/v2\/users\/3"}],"replies":[{"embeddable":true,"href":"https:\/\/migracao.redenoticia.com.br\/noticia\/wp-json\/wp\/v2\/comments?post=245958"}],"version-history":[{"count":0,"href":"https:\/\/migracao.redenoticia.com.br\/noticia\/wp-json\/wp\/v2\/posts\/245958\/revisions"}],"wp:featuredmedia":[{"embeddable":true,"href":"https:\/\/migracao.redenoticia.com.br\/noticia\/wp-json\/wp\/v2\/media\/243830"}],"wp:attachment":[{"href":"https:\/\/migracao.redenoticia.com.br\/noticia\/wp-json\/wp\/v2\/media?parent=245958"}],"wp:term":[{"taxonomy":"category","embeddable":true,"href":"https:\/\/migracao.redenoticia.com.br\/noticia\/wp-json\/wp\/v2\/categories?post=245958"},{"taxonomy":"post_tag","embeddable":true,"href":"https:\/\/migracao.redenoticia.com.br\/noticia\/wp-json\/wp\/v2\/tags?post=245958"}],"curies":[{"name":"wp","href":"https:\/\/api.w.org\/{rel}","templated":true}]}}