{"id":245981,"date":"2024-07-16T12:08:27","date_gmt":"2024-07-16T15:08:27","guid":{"rendered":"https:\/\/www.redenoticia.com.br\/noticia\/?p=245981"},"modified":"2024-07-16T12:08:27","modified_gmt":"2024-07-16T15:08:27","slug":"resumo-contigo-sim-17-07-clarita-descobre-que-samanta-e-dario-sao-amantes","status":"publish","type":"post","link":"https:\/\/migracao.redenoticia.com.br\/noticia\/2024\/resumo-contigo-sim-17-07-clarita-descobre-que-samanta-e-dario-sao-amantes\/245981","title":{"rendered":"Resumo \u201cContigo Sim\u201d 17\/07: Clarita descobre que Samanta e Dar\u00edo s\u00e3o amantes"},"content":{"rendered":"<p> <img loading=\"lazy\" decoding=\"async\" src=\"https:\/\/migracao.redenoticia.com.br\/noticia\/imagens\/novela-contigo-sim-capitulo-resumo.jpg\" alt=\"\" width=\"1280\" height=\"720\" class=\"aligncenter size-full wp-image-243831\" srcset=\"https:\/\/migracao.redenoticia.com.br\/noticia\/imagens\/novela-contigo-sim-capitulo-resumo.jpg 1280w, https:\/\/migracao.redenoticia.com.br\/noticia\/imagens\/novela-contigo-sim-capitulo-resumo-250x140.jpg 250w, https:\/\/migracao.redenoticia.com.br\/noticia\/imagens\/novela-contigo-sim-capitulo-resumo-400x225.jpg 400w, https:\/\/migracao.redenoticia.com.br\/noticia\/imagens\/novela-contigo-sim-capitulo-resumo-768x432.jpg 768w, https:\/\/migracao.redenoticia.com.br\/noticia\/imagens\/novela-contigo-sim-capitulo-resumo-150x85.jpg 150w\" sizes=\"auto, (max-width: 1280px) 100vw, 1280px\" \/>    <\/p>\n<p><strong><em>Resumo da novela \u201cContigo Sim\u201d<\/em><\/strong> em 17\/07: no cap\u00edtulo 063(*) da novela, Alma chega ao quarto de \u00c2ngela para ouvir o \u00e1udio de Leonardo onde ele confirma que n\u00e3o tem mais esperan\u00e7a de voltar para ela, ent\u00e3o avisa que vai se casar com o filho de Mirta e Clarita descobre que Dar\u00edo n\u00e3o ser\u00e1 mais seu m\u00e9dico. Don Gerardo procura Adela e pede que ela volte para casa, pois precisa dela em sua vida. Alma amea\u00e7a Adela se ela ou \u00c2ngela confessarem a verdade a Leonardo.  Samanta contacta Ger\u00f3nimo para lhe dizer que ele \u00e9 \u201cincompetente\u201d j\u00e1 que o seu plano contra \u00c2ngela falhou. Leonardo garante a \u00c2ngela que tanto ela como \u00c1lvaro ser\u00e3o um grande exemplo de honestidade para o seu beb\u00e9.<\/p>\n<p>Clarita chega ao escrit\u00f3rio de Dar\u00edo e descobre que Samanta e ele s\u00e3o amantes, Leonardo recebe uma carta an\u00f4nima na qual lhe garantem que queriam matar o beb\u00ea de \u00c2ngela e Dom Gerardo se oferece para continuar pagando as mensalidades de \u00c2ngela como ele gostaria de Beatriz. mas ela se recusa. Clarita garante a Dar\u00edo que se sente muito decepcionada com ele por consider\u00e1-lo um homem \u00edntegro, por isso est\u00e1 disposta a esquec\u00ea-lo. Leonardo consegue que \u00c2ngela continue estudando remotamente. \u00c1lvaro pede a Samanta que autorize sua irm\u00e3 Clarita a morar com eles, pois ela precisa estar em um ambiente mais tranquilo; Por\u00e9m, ele reage com arrog\u00e2ncia e garante que o \u00fanico que deve convencer \u00e9 seu pai que conhece a hist\u00f3ria da fam\u00edlia de Clarita e \u00c1lvaro. <\/p>\n<p>(*) edi\u00e7\u00e3o das novelas do SBT, \u201cContigo Sim\u201d, sujeito a altera\u00e7\u00e3o de data e conte\u00fado.<\/p>\n<p>Sinopse: \u201cContigo Sim\u201d conta a hist\u00f3ria de \u00c1ngela (Alejandra Robles Gil), que \u00e9 enfermeira e estudante de medicina. Ela \u00e9 seduzida por \u00c1lvaro (Danilo Carrera), um jovem ambicioso que visita sua cidade em viagem de neg\u00f3cios para construir um hospital. \u00c1ngela e \u00c1lvaro se casam, mas ele a abandona e volta para a Cidade do M\u00e9xico, onde fica noivo de Samantha (B\u00e1rbara Islas) e se casa com ela tamb\u00e9m. \u00c1ngela decide ir para a Cidade do M\u00e9xico em busca de \u00c1lvaro, ela descobre o engano e conhece Leonardo (Brandon Peniche), um m\u00e9dico que se apaixona por ela e passa a ser seu protetor. \u00c1ngela lutar\u00e1 incansavelmente contra as adversidades do destino, na busca pelo amor verdadeiro.<\/p>\n","protected":false},"excerpt":{"rendered":"<p>Resumo da novela \u201cContigo Sim\u201d em 17\/07: no cap\u00edtulo 063(*) da novela, Alma chega ao quarto de \u00c2ngela para ouvir o \u00e1udio de Leonardo onde ele confirma que n\u00e3o tem mais esperan\u00e7a de voltar para ela, ent\u00e3o avisa que vai se casar com o filho de Mirta e Clarita descobre que Dar\u00edo n\u00e3o ser\u00e1 mais [&hellip;]<\/p>\n","protected":false},"author":3,"featured_media":243830,"comment_status":"closed","ping_status":"closed","sticky":false,"template":"","format":"standard","meta":{"tdm_status":"","tdm_grid_status":"","footnotes":""},"categories":[2327,379,2025,372,343],"tags":[441],"class_list":{"0":"post-245981","1":"post","2":"type-post","3":"status-publish","4":"format-standard","5":"has-post-thumbnail","7":"category-contigo-sim","8":"category-novelas","9":"category-resumo","10":"category-sbt","11":"category-televisao","12":"tag-resumo-do-dia"},"_links":{"self":[{"href":"https:\/\/migracao.redenoticia.com.br\/noticia\/wp-json\/wp\/v2\/posts\/245981","targetHints":{"allow":["GET"]}}],"collection":[{"href":"https:\/\/migracao.redenoticia.com.br\/noticia\/wp-json\/wp\/v2\/posts"}],"about":[{"href":"https:\/\/migracao.redenoticia.com.br\/noticia\/wp-json\/wp\/v2\/types\/post"}],"author":[{"embeddable":true,"href":"https:\/\/migracao.redenoticia.com.br\/noticia\/wp-json\/wp\/v2\/users\/3"}],"replies":[{"embeddable":true,"href":"https:\/\/migracao.redenoticia.com.br\/noticia\/wp-json\/wp\/v2\/comments?post=245981"}],"version-history":[{"count":0,"href":"https:\/\/migracao.redenoticia.com.br\/noticia\/wp-json\/wp\/v2\/posts\/245981\/revisions"}],"wp:featuredmedia":[{"embeddable":true,"href":"https:\/\/migracao.redenoticia.com.br\/noticia\/wp-json\/wp\/v2\/media\/243830"}],"wp:attachment":[{"href":"https:\/\/migracao.redenoticia.com.br\/noticia\/wp-json\/wp\/v2\/media?parent=245981"}],"wp:term":[{"taxonomy":"category","embeddable":true,"href":"https:\/\/migracao.redenoticia.com.br\/noticia\/wp-json\/wp\/v2\/categories?post=245981"},{"taxonomy":"post_tag","embeddable":true,"href":"https:\/\/migracao.redenoticia.com.br\/noticia\/wp-json\/wp\/v2\/tags?post=245981"}],"curies":[{"name":"wp","href":"https:\/\/api.w.org\/{rel}","templated":true}]}}