{"id":246099,"date":"2024-07-21T20:23:16","date_gmt":"2024-07-21T23:23:16","guid":{"rendered":"https:\/\/www.redenoticia.com.br\/noticia\/?p=246099"},"modified":"2024-07-21T20:23:16","modified_gmt":"2024-07-21T23:23:16","slug":"resumo-cheias-de-charme-22-07-rosario-penha-e-cida-nao-conseguem-se-entender","status":"publish","type":"post","link":"https:\/\/migracao.redenoticia.com.br\/noticia\/2024\/resumo-cheias-de-charme-22-07-rosario-penha-e-cida-nao-conseguem-se-entender\/246099","title":{"rendered":"Resumo &#8220;Cheias de Charme&#8221; 22\/07: Ros\u00e1rio, Penha e Cida n\u00e3o conseguem se entender"},"content":{"rendered":"<p><img loading=\"lazy\" decoding=\"async\" src=\"https:\/\/migracao.redenoticia.com.br\/noticia\/imagens\/cheias-de-charme-resumo-novela.jpg\" alt=\"\" width=\"1280\" height=\"720\" class=\"aligncenter size-full wp-image-243085\" srcset=\"https:\/\/migracao.redenoticia.com.br\/noticia\/imagens\/cheias-de-charme-resumo-novela.jpg 1280w, https:\/\/migracao.redenoticia.com.br\/noticia\/imagens\/cheias-de-charme-resumo-novela-250x140.jpg 250w, https:\/\/migracao.redenoticia.com.br\/noticia\/imagens\/cheias-de-charme-resumo-novela-400x225.jpg 400w, https:\/\/migracao.redenoticia.com.br\/noticia\/imagens\/cheias-de-charme-resumo-novela-768x432.jpg 768w, https:\/\/migracao.redenoticia.com.br\/noticia\/imagens\/cheias-de-charme-resumo-novela-150x85.jpg 150w\" sizes=\"auto, (max-width: 1280px) 100vw, 1280px\" \/> <\/p>\n<p><em><strong>Resumo da novela &#8220;Cheias de Charme&#8221;<\/strong><\/em> em 22\/07: no cap\u00edtulo 114(*) da novela, Chayene comemora a vit\u00f3ria sobre as Empreguetes. Ros\u00e1rio termina o show arrasada e lembra da promessa que ela, Penha e Cida fizeram. Sarmento d\u00e1 um presente para Cida. Socorro volta a morar com Chayene. Gilson chega \u00e0 casa de Lygia e Samuel fica euf\u00f3rico. M\u00e1slova pega pe\u00e7as valiosas da casa de Otto. Ros\u00e1rio decide deixar as Empreguetes.<\/p>\n<p>Ros\u00e1rio, Penha e Cida n\u00e3o conseguem se entender. Socorro conta para Chayene que as Empreguetes se separaram. A not\u00edcia do rompimento do grupo se espalha rapidamente. Gentil marca uma entrevista com as Empreguetes para falar da separa\u00e7\u00e3o. Elano, Stela e Kleiton promovem uma campanha para impedir que o grupo se separe. Conrado tenta disfar\u00e7ar a decep\u00e7\u00e3o ao saber que Cida n\u00e3o ser\u00e1 mais uma celebridade.<\/p>\n<p>Gilson tenta ajudar Samuel em rela\u00e7\u00e3o ao vestibular. Dinha pergunta se In\u00e1cio vai reatar com Ros\u00e1rio com o fim das Empreguetes. Cida e Conrado esbarram com Stela e Elano. Gilson pede para conversar com Lygia sobre Samuel. Penha e Cida chegam \u00e0 casa de Ros\u00e1rio e s\u00e3o hostis umas com as outras. Kleiton e Elano divulgam a campanha durante a entrevista com Gentil.<\/p>\n<p>(*) edi\u00e7\u00e3o das novelas da Globo, &#8220;Cheias de Charme&#8221;, sujeito a altera\u00e7\u00e3o de data e conte\u00fado.<\/p>\n<p>Sinopse \u201cCheias de Charme\u201d: Penha se apaixona por Gilson. O que ela desconhece \u00e9 que o gal\u00e3 \u00e9 uma antiga paix\u00e3o de juventude de Lygia e o verdadeiro pai de Samuel. Ap\u00f3s conquistar os holofotes, Ros\u00e1rio decide investir em sua carreira como cantora solo. Separada de In\u00e1cio devido a uma arma\u00e7\u00e3o de Fabian e Tom Bastos, ela aceita fazer uma turn\u00ea ao lado do pr\u00edncipe das dom\u00e9sticas, mas Chayene, revoltada com o suposto romance entre o cantor e sua rival, acaba desfigurando o rosto de Fabian ao lhe atirar um prato de sopa quente. <\/p>\n<p>Para n\u00e3o prejudicar os contratos que assinou, Tom Bastos convence In\u00e1cio a se passar por Fabian nos palcos enquanto \u00e9 dublado pelo original. Cida descobre que o ex-patr\u00e3o \u00e9 seu verdadeiro pai. Ernani leva Cida de volta para a mans\u00e3o. Agora \u00e9 ela quem sustenta a casa e d\u00e1 as carta ali, estremecendo o casamento j\u00e1 abalado entre Isadora e Conrado. No entanto, essa reaproxima\u00e7\u00e3o de Cida com os Sarmentos lhe custa o fim de seu namoro com o \u00edntegro advogado Elano.<\/p>\n","protected":false},"excerpt":{"rendered":"<p>Resumo da novela &#8220;Cheias de Charme&#8221; em 22\/07: no cap\u00edtulo 114(*) da novela, Chayene comemora a vit\u00f3ria sobre as Empreguetes. Ros\u00e1rio termina o show arrasada e lembra da promessa que ela, Penha e Cida fizeram. Sarmento d\u00e1 um presente para Cida. Socorro volta a morar com Chayene. Gilson chega \u00e0 casa de Lygia e Samuel [&hellip;]<\/p>\n","protected":false},"author":2,"featured_media":243086,"comment_status":"closed","ping_status":"closed","sticky":false,"template":"","format":"standard","meta":{"tdm_status":"","tdm_grid_status":"","footnotes":""},"categories":[2325,379,375,2025,343],"tags":[441],"class_list":{"0":"post-246099","1":"post","2":"type-post","3":"status-publish","4":"format-standard","5":"has-post-thumbnail","7":"category-cheias-de-charme","8":"category-novelas","9":"category-rede-globo","10":"category-resumo","11":"category-televisao","12":"tag-resumo-do-dia"},"_links":{"self":[{"href":"https:\/\/migracao.redenoticia.com.br\/noticia\/wp-json\/wp\/v2\/posts\/246099","targetHints":{"allow":["GET"]}}],"collection":[{"href":"https:\/\/migracao.redenoticia.com.br\/noticia\/wp-json\/wp\/v2\/posts"}],"about":[{"href":"https:\/\/migracao.redenoticia.com.br\/noticia\/wp-json\/wp\/v2\/types\/post"}],"author":[{"embeddable":true,"href":"https:\/\/migracao.redenoticia.com.br\/noticia\/wp-json\/wp\/v2\/users\/2"}],"replies":[{"embeddable":true,"href":"https:\/\/migracao.redenoticia.com.br\/noticia\/wp-json\/wp\/v2\/comments?post=246099"}],"version-history":[{"count":0,"href":"https:\/\/migracao.redenoticia.com.br\/noticia\/wp-json\/wp\/v2\/posts\/246099\/revisions"}],"wp:featuredmedia":[{"embeddable":true,"href":"https:\/\/migracao.redenoticia.com.br\/noticia\/wp-json\/wp\/v2\/media\/243086"}],"wp:attachment":[{"href":"https:\/\/migracao.redenoticia.com.br\/noticia\/wp-json\/wp\/v2\/media?parent=246099"}],"wp:term":[{"taxonomy":"category","embeddable":true,"href":"https:\/\/migracao.redenoticia.com.br\/noticia\/wp-json\/wp\/v2\/categories?post=246099"},{"taxonomy":"post_tag","embeddable":true,"href":"https:\/\/migracao.redenoticia.com.br\/noticia\/wp-json\/wp\/v2\/tags?post=246099"}],"curies":[{"name":"wp","href":"https:\/\/api.w.org\/{rel}","templated":true}]}}