{"id":2461,"date":"2009-06-06T12:51:55","date_gmt":"2009-06-06T16:51:55","guid":{"rendered":"http:\/\/www.redenoticia.com.br\/noticia\/?p=2461"},"modified":"2009-06-06T12:51:55","modified_gmt":"2009-06-06T16:51:55","slug":"jesualdo-anuncia-liberacao-da-usina-de-calcario","status":"publish","type":"post","link":"https:\/\/migracao.redenoticia.com.br\/noticia\/2009\/jesualdo-anuncia-liberacao-da-usina-de-calcario\/2461","title":{"rendered":"Jesualdo anuncia libera\u00e7\u00e3o da usina de calc\u00e1rio"},"content":{"rendered":"<p class=\"MsoNormal\"><span style=\"font-size: 11pt; font-family: Arial;\">Os produtores rurais do Estado de Rond\u00f4nia voltar\u00e3o a contar com o calc\u00e1rio extra\u00eddo da jazida de Espig\u00e3o do Oeste. A libera\u00e7\u00e3o foi comemorada pelo deputado Estadual Jesualdo Pires (PSB de Ji-Paran\u00e1) que enalteceu o empenho do Governador Ivo Cassol que conseguiu, nesta semana junto ao Governo Federal, que a mina voltasse a ser explorada para fins de corre\u00e7\u00e3o de \u00e1reas degradas. <\/span><\/p>\n<p class=\"MsoNormal\"><span style=\"font-size: 11pt; font-family: Arial;\">O Governo do Estado, conforme destacou o deputado, possui uma frota de caminh\u00f5es para fazer o transporte do calc\u00e1rio para os produtores at\u00e9 a sede dos munic\u00edpios e o um programa especifico de estimulo ao uso de corretivos agr\u00edcolas que \u00e9 desenvolvido pela Secretaria do Estado de Agricultura e pela Secretaria de Estado do Desenvolvimento Econ\u00f4mico e Social. <\/span><\/p>\n<p class=\"MsoNormal\"><span style=\"font-size: 11pt; font-family: Arial;\">\u201cDurante mais de um ano este programa ficou inutilizado e os produtores prejudicados. Entretanto, nesta semana o Governador trouxe a boa noticia que estar\u00e1 revitalizando este projeto e voltando a contribuir para um maior rendimento da capacidade produtiva de nossa agricultura familiar, preservando o meio ambiente e colaborando ainda mais com o desenvolvimento econ\u00f4mico e social de nosso Estado\u201d, concluiu.<\/span><\/p>\n","protected":false},"excerpt":{"rendered":"<p>Os produtores rurais do Estado de Rond\u00f4nia voltar\u00e3o a contar com o calc\u00e1rio extra\u00eddo da jazida de Espig\u00e3o do Oeste. A libera\u00e7\u00e3o foi comemorada pelo deputado Estadual Jesualdo Pires (PSB de Ji-Paran\u00e1) que enalteceu o empenho do Governador Ivo Cassol que conseguiu, nesta semana junto ao Governo Federal, que a mina voltasse a ser explorada [&hellip;]<\/p>\n","protected":false},"author":3,"featured_media":0,"comment_status":"open","ping_status":"open","sticky":false,"template":"","format":"standard","meta":{"tdm_status":"","tdm_grid_status":"","footnotes":""},"categories":[22],"tags":[],"class_list":{"0":"post-2461","1":"post","2":"type-post","3":"status-publish","4":"format-standard","6":"category-brasil"},"_links":{"self":[{"href":"https:\/\/migracao.redenoticia.com.br\/noticia\/wp-json\/wp\/v2\/posts\/2461","targetHints":{"allow":["GET"]}}],"collection":[{"href":"https:\/\/migracao.redenoticia.com.br\/noticia\/wp-json\/wp\/v2\/posts"}],"about":[{"href":"https:\/\/migracao.redenoticia.com.br\/noticia\/wp-json\/wp\/v2\/types\/post"}],"author":[{"embeddable":true,"href":"https:\/\/migracao.redenoticia.com.br\/noticia\/wp-json\/wp\/v2\/users\/3"}],"replies":[{"embeddable":true,"href":"https:\/\/migracao.redenoticia.com.br\/noticia\/wp-json\/wp\/v2\/comments?post=2461"}],"version-history":[{"count":0,"href":"https:\/\/migracao.redenoticia.com.br\/noticia\/wp-json\/wp\/v2\/posts\/2461\/revisions"}],"wp:attachment":[{"href":"https:\/\/migracao.redenoticia.com.br\/noticia\/wp-json\/wp\/v2\/media?parent=2461"}],"wp:term":[{"taxonomy":"category","embeddable":true,"href":"https:\/\/migracao.redenoticia.com.br\/noticia\/wp-json\/wp\/v2\/categories?post=2461"},{"taxonomy":"post_tag","embeddable":true,"href":"https:\/\/migracao.redenoticia.com.br\/noticia\/wp-json\/wp\/v2\/tags?post=2461"}],"curies":[{"name":"wp","href":"https:\/\/api.w.org\/{rel}","templated":true}]}}