{"id":246101,"date":"2024-07-21T20:26:03","date_gmt":"2024-07-21T23:26:03","guid":{"rendered":"https:\/\/www.redenoticia.com.br\/noticia\/?p=246101"},"modified":"2024-07-21T20:26:03","modified_gmt":"2024-07-21T23:26:03","slug":"resumo-alma-gemea-22-07-ciro-revela-a-agnes-sua-verdadeira-identidade","status":"publish","type":"post","link":"https:\/\/migracao.redenoticia.com.br\/noticia\/2024\/resumo-alma-gemea-22-07-ciro-revela-a-agnes-sua-verdadeira-identidade\/246101","title":{"rendered":"Resumo &#8220;Alma G\u00eamea&#8221; 22\/07: Ciro revela a Agnes sua verdadeira identidade"},"content":{"rendered":"<p><img loading=\"lazy\" decoding=\"async\" src=\"https:\/\/migracao.redenoticia.com.br\/noticia\/imagens\/resumo-alma-gemea-logo-novela.jpg\" alt=\"\" width=\"1280\" height=\"720\" class=\"aligncenter size-full wp-image-244166\" srcset=\"https:\/\/migracao.redenoticia.com.br\/noticia\/imagens\/resumo-alma-gemea-logo-novela.jpg 1280w, https:\/\/migracao.redenoticia.com.br\/noticia\/imagens\/resumo-alma-gemea-logo-novela-250x140.jpg 250w, https:\/\/migracao.redenoticia.com.br\/noticia\/imagens\/resumo-alma-gemea-logo-novela-400x225.jpg 400w, https:\/\/migracao.redenoticia.com.br\/noticia\/imagens\/resumo-alma-gemea-logo-novela-768x432.jpg 768w, https:\/\/migracao.redenoticia.com.br\/noticia\/imagens\/resumo-alma-gemea-logo-novela-150x85.jpg 150w\" sizes=\"auto, (max-width: 1280px) 100vw, 1280px\" \/><\/p>\n<p><em><strong>Resumo da novela &#8220;Alma G\u00eamea&#8221;<\/strong><\/em> em 22\/07: no cap\u00edtulo 061(*) da novela, K\u00e1tia explica a Vera que quis que Rodriguez a pegasse com outro homem para acabar de vez com o relacionamento deles. Vera admira a atitude de K\u00e1tia. Serena v\u00ea de longe Rafael e Cristina juntos e fica arrasada. H\u00e9lio consola Serena e diz que espera que ela consiga amar outro homem nessa vida e que, de prefer\u00eancia, seja ele. Cristina conta a Agnes e Adelaide que est\u00e1 esperando um filho de Rafael. Agnes fica angustiada ao pensar que Cristina vai tomar o lugar de Luna. Rodriguez demite Gumercindo e K\u00e1tia do clube. <\/p>\n<p>Xavier diz a Guto que Cristina o est\u00e1 enganando quando promete fugir com ele depois de se casar. O dono da pens\u00e3o descobre que Divina engoliu o contrato que provava a compra da casa. Dalila diz que precisa conversar com Raul. Fil\u00f3 ouve tudo e pergunta a Dalila qual a liga\u00e7\u00e3o dela com Raul. Vera pede a Eduardo para deixar Alexandra se consultar com Julian. Vit\u00f3rio fica furioso quando Ol\u00edvia diz que n\u00e3o pode haver mais nada entre eles. Cristina diz a Guto que est\u00e1 gr\u00e1vida de Rafael e vai ficar com ele para sempre. Guto promete se vingar dela. Serena deixa claro para Rafael que est\u00e1 indignada por ele ter se envolvido com Cristina.<\/p>\n<p> Rafael garante a Serena que se envolveu com Cristina sem querer. Guto avisa Cristina que vai se vingar, caso ela o descarte. Cristina garante a Guto que s\u00f3 est\u00e1 esperando para ter direito ao dinheiro de Rafael antes de fugir com ele. Serena perdoa Rafael, mas diz que o filho dele com Cristina vai separ\u00e1-los para sempre. Cristina pede a Ivan que a ajude a descobrir quem a est\u00e1 espionando. Ciro revela a Agnes sua verdadeira identidade: \u00e9 um detetive contratado por Rafael para investigar a morte de Luna. <\/p>\n<p>Raul explica ao dono da casa que n\u00e3o tem uma c\u00f3pia do contrato de venda da pens\u00e3o. O dono fala para Raul que se quiser a casa, ter\u00e1 que compr\u00e1-la novamente. Clarice v\u00ea nas cartas que um jovem que acabou de chegar na pens\u00e3o vai comprar a casa para Divina. Rafael quer ter certeza de que Cristina n\u00e3o mentiu para ele antes de casar-se com ela. Raul tenta tirar o restaurante de Ol\u00edvia. Carlito conta para Raul que Ol\u00edvia est\u00e1 namorando Vit\u00f3rio. K\u00e1tia vai morar com Elias. Alexandra afirma para Cristina que vendeu sua alma para conseguir o que quer.<\/p>\n<p>(*) edi\u00e7\u00e3o das novelas da Globo, &#8220;Alma G\u00eamea&#8221;, sujeito a altera\u00e7\u00e3o de data e conte\u00fado.<\/p>\n<p>Sinopse &#8220;Alma G\u00eamea&#8221;: Rafael e Luna casam-se e t\u00eam um filho, mas a felicidade \u00e9 invejada por Cristina. Em um passeio, Rafael reage a um assalto e um dos ladr\u00f5es, que \u00e9 conhecido de Cristina, atira. Luna morre. Enquanto Rafael se desespera com a perda de Luna, em um lugar bem distante dali, nasce a menina Serena, filha de uma \u00edndia com um garimpeiro. Ela cresce em uma aldeia ind\u00edgena e tem vis\u00f5es. <\/p>\n<p>Vinte anos se passam da morte de Luna. Serena consegue trabalho como empregada na mans\u00e3o de Rafael. Serena tem em seu corpo uma marca de nascen\u00e7a, no mesmo lugar em que Luna levou o tiro. A trama segue envolta em mist\u00e9rios e marcada por fatos inexplic\u00e1veis. Rafael passa a acreditar que Serena \u00e9 de fato a reencarna\u00e7\u00e3o de Luna, se apaixona por ela e a pede em casamento. Cristina e sua m\u00e3e D\u00e9bora percebem que Serena representa uma amea\u00e7a, e a novela segue com as duas tramando de tudo para separar os dois.<\/p>\n","protected":false},"excerpt":{"rendered":"<p>Resumo da novela &#8220;Alma G\u00eamea&#8221; em 22\/07: no cap\u00edtulo 061(*) da novela, K\u00e1tia explica a Vera que quis que Rodriguez a pegasse com outro homem para acabar de vez com o relacionamento deles. Vera admira a atitude de K\u00e1tia. Serena v\u00ea de longe Rafael e Cristina juntos e fica arrasada. H\u00e9lio consola Serena e diz [&hellip;]<\/p>\n","protected":false},"author":5,"featured_media":244165,"comment_status":"closed","ping_status":"closed","sticky":false,"template":"","format":"standard","meta":{"tdm_status":"","tdm_grid_status":"","footnotes":""},"categories":[2328,379,375,2025,343],"tags":[441],"class_list":{"0":"post-246101","1":"post","2":"type-post","3":"status-publish","4":"format-standard","5":"has-post-thumbnail","7":"category-alma-gemea","8":"category-novelas","9":"category-rede-globo","10":"category-resumo","11":"category-televisao","12":"tag-resumo-do-dia"},"_links":{"self":[{"href":"https:\/\/migracao.redenoticia.com.br\/noticia\/wp-json\/wp\/v2\/posts\/246101","targetHints":{"allow":["GET"]}}],"collection":[{"href":"https:\/\/migracao.redenoticia.com.br\/noticia\/wp-json\/wp\/v2\/posts"}],"about":[{"href":"https:\/\/migracao.redenoticia.com.br\/noticia\/wp-json\/wp\/v2\/types\/post"}],"author":[{"embeddable":true,"href":"https:\/\/migracao.redenoticia.com.br\/noticia\/wp-json\/wp\/v2\/users\/5"}],"replies":[{"embeddable":true,"href":"https:\/\/migracao.redenoticia.com.br\/noticia\/wp-json\/wp\/v2\/comments?post=246101"}],"version-history":[{"count":0,"href":"https:\/\/migracao.redenoticia.com.br\/noticia\/wp-json\/wp\/v2\/posts\/246101\/revisions"}],"wp:featuredmedia":[{"embeddable":true,"href":"https:\/\/migracao.redenoticia.com.br\/noticia\/wp-json\/wp\/v2\/media\/244165"}],"wp:attachment":[{"href":"https:\/\/migracao.redenoticia.com.br\/noticia\/wp-json\/wp\/v2\/media?parent=246101"}],"wp:term":[{"taxonomy":"category","embeddable":true,"href":"https:\/\/migracao.redenoticia.com.br\/noticia\/wp-json\/wp\/v2\/categories?post=246101"},{"taxonomy":"post_tag","embeddable":true,"href":"https:\/\/migracao.redenoticia.com.br\/noticia\/wp-json\/wp\/v2\/tags?post=246101"}],"curies":[{"name":"wp","href":"https:\/\/api.w.org\/{rel}","templated":true}]}}