{"id":246118,"date":"2024-07-22T16:09:04","date_gmt":"2024-07-22T19:09:04","guid":{"rendered":"https:\/\/www.redenoticia.com.br\/noticia\/?p=246118"},"modified":"2024-07-22T16:09:04","modified_gmt":"2024-07-22T19:09:04","slug":"resumo-alma-gemea-23-07-os-policiais-veem-guto-ao-lado-de-ciro-e-o-prendem","status":"publish","type":"post","link":"https:\/\/migracao.redenoticia.com.br\/noticia\/2024\/resumo-alma-gemea-23-07-os-policiais-veem-guto-ao-lado-de-ciro-e-o-prendem\/246118","title":{"rendered":"Resumo &#8220;Alma G\u00eamea&#8221; 23\/07: Os policiais v\u00eaem Guto ao lado de Ciro e o prendem"},"content":{"rendered":"<p> <img loading=\"lazy\" decoding=\"async\" src=\"https:\/\/migracao.redenoticia.com.br\/noticia\/imagens\/resumo-alma-gemea-logo-novela.jpg\" alt=\"\" width=\"1280\" height=\"720\" class=\"aligncenter size-full wp-image-244166\" srcset=\"https:\/\/migracao.redenoticia.com.br\/noticia\/imagens\/resumo-alma-gemea-logo-novela.jpg 1280w, https:\/\/migracao.redenoticia.com.br\/noticia\/imagens\/resumo-alma-gemea-logo-novela-250x140.jpg 250w, https:\/\/migracao.redenoticia.com.br\/noticia\/imagens\/resumo-alma-gemea-logo-novela-400x225.jpg 400w, https:\/\/migracao.redenoticia.com.br\/noticia\/imagens\/resumo-alma-gemea-logo-novela-768x432.jpg 768w, https:\/\/migracao.redenoticia.com.br\/noticia\/imagens\/resumo-alma-gemea-logo-novela-150x85.jpg 150w\" sizes=\"auto, (max-width: 1280px) 100vw, 1280px\" \/><\/p>\n<p><em><strong>Resumo da novela &#8220;Alma G\u00eamea&#8221;<\/strong><\/em> em 23\/07: no cap\u00edtulo 062(*) da novela, Cristina sente um arrepio ao se lembrar que disse que seria capaz de dar sua alma ao diabo se conseguisse Rafael. Serena acha que a voz que Alexandra ouve fala a verdade. Ciro d\u00e1 dinheiro a Xavier para que ele o ajude a entrar novamente no quarto de Guto. Ivan v\u00ea Ciro conversando com Xavier e depois entrando na casa de Rafael. Vit\u00f3rio se declara para Ol\u00edvia e diz que quer se casar com ela. Ol\u00edvia fala para Vit\u00f3rio que tamb\u00e9m o ama. Raul descobre que s\u00f3 ter\u00e1 direito ao restaurante de Ol\u00edvia se reatar o casamento com ela. Ivan conta para D\u00e9bora que \u00e9 Ciro quem est\u00e1 espionando Cristina. Eduardo concorda em deixar que Alexandra se consulte com Julian. Ol\u00edvia garante a Vit\u00f3rio que vai dizer a Mirella e Carlito que o ama. Ciro revista o quarto de Guto. D\u00e9bora pede a Ivan que tire Ciro do caminho e d\u00ea um jeito de incriminar Guto. Vit\u00f3rio fala para Divina que vai se casar com Ol\u00edvia. Raul diz a Ol\u00edvia que quer voltar a ser seu marido. Rafael pede para Eduardo descobrir se Cristina est\u00e1 mesmo gr\u00e1vida. Serena diz para H\u00e9lio que vai esquecer Rafael.<\/p>\n<p> Eurico avisa Zulmira que Ivan \u00e9 apaixonado por Cristina e \u00e9 capaz de fazer qualquer coisa que ela pe\u00e7a. Cristina agradece Ivan por tudo que tem feito por ela, deixando-o encantado. D\u00e9bora faz uma den\u00fancia an\u00f4nima para a pol\u00edcia dizendo que houve um crime no quarto de Guto. Ol\u00edvia expulsa Raul de sua casa. Dalila fica pasma ao saber que Raul quer voltar para Ol\u00edvia. Alexandra diz a Julian que n\u00e3o vai deixar que ele a afaste da voz que fala com ela. Raul decide ir embora por enquanto, mas afirma para Ol\u00edvia que vai lutar por seus direitos. Guto encontra Ciro ferido. Dalila confessa para Roberval que ainda tinha esperan\u00e7as de que Raul ficasse com ela. Ol\u00edvia e Vit\u00f3rio decidem enfrentar tudo e todos para ficarem juntos. Alexandra explica a Julian que a voz que ouve lhe diz a verdade, mas tamb\u00e9m manda que ela fa\u00e7a coisas ruins. Ab\u00edlio explica para Ol\u00edvia que Raul tem direito \u00e0 metade do restaurante, pois legalmente ainda \u00e9 seu marido. Rafael exige que Cristina se consulte com Eduardo. Os policiais v\u00eaem Guto ao lado de Ciro e o prendem.<\/p>\n<p>(*) edi\u00e7\u00e3o das novelas da Globo, &#8220;Alma G\u00eamea&#8221;, sujeito a altera\u00e7\u00e3o de data e conte\u00fado.<\/p>\n<p>Sinopse &#8220;Alma G\u00eamea&#8221;: Rafael e Luna casam-se e t\u00eam um filho, mas a felicidade \u00e9 invejada por Cristina. Em um passeio, Rafael reage a um assalto e um dos ladr\u00f5es, que \u00e9 conhecido de Cristina, atira. Luna morre. Enquanto Rafael se desespera com a perda de Luna, em um lugar bem distante dali, nasce a menina Serena, filha de uma \u00edndia com um garimpeiro. Ela cresce em uma aldeia ind\u00edgena e tem vis\u00f5es. <\/p>\n<p>Vinte anos se passam da morte de Luna. Serena consegue trabalho como empregada na mans\u00e3o de Rafael. Serena tem em seu corpo uma marca de nascen\u00e7a, no mesmo lugar em que Luna levou o tiro. A trama segue envolta em mist\u00e9rios e marcada por fatos inexplic\u00e1veis. Rafael passa a acreditar que Serena \u00e9 de fato a reencarna\u00e7\u00e3o de Luna, se apaixona por ela e a pede em casamento. Cristina e sua m\u00e3e D\u00e9bora percebem que Serena representa uma amea\u00e7a, e a novela segue com as duas tramando de tudo para separar os dois.<\/p>\n","protected":false},"excerpt":{"rendered":"<p>Resumo da novela &#8220;Alma G\u00eamea&#8221; em 23\/07: no cap\u00edtulo 062(*) da novela, Cristina sente um arrepio ao se lembrar que disse que seria capaz de dar sua alma ao diabo se conseguisse Rafael. Serena acha que a voz que Alexandra ouve fala a verdade. Ciro d\u00e1 dinheiro a Xavier para que ele o ajude a [&hellip;]<\/p>\n","protected":false},"author":5,"featured_media":244165,"comment_status":"closed","ping_status":"closed","sticky":false,"template":"","format":"standard","meta":{"tdm_status":"","tdm_grid_status":"","footnotes":""},"categories":[2328,379,375,2025,343],"tags":[441],"class_list":{"0":"post-246118","1":"post","2":"type-post","3":"status-publish","4":"format-standard","5":"has-post-thumbnail","7":"category-alma-gemea","8":"category-novelas","9":"category-rede-globo","10":"category-resumo","11":"category-televisao","12":"tag-resumo-do-dia"},"_links":{"self":[{"href":"https:\/\/migracao.redenoticia.com.br\/noticia\/wp-json\/wp\/v2\/posts\/246118","targetHints":{"allow":["GET"]}}],"collection":[{"href":"https:\/\/migracao.redenoticia.com.br\/noticia\/wp-json\/wp\/v2\/posts"}],"about":[{"href":"https:\/\/migracao.redenoticia.com.br\/noticia\/wp-json\/wp\/v2\/types\/post"}],"author":[{"embeddable":true,"href":"https:\/\/migracao.redenoticia.com.br\/noticia\/wp-json\/wp\/v2\/users\/5"}],"replies":[{"embeddable":true,"href":"https:\/\/migracao.redenoticia.com.br\/noticia\/wp-json\/wp\/v2\/comments?post=246118"}],"version-history":[{"count":0,"href":"https:\/\/migracao.redenoticia.com.br\/noticia\/wp-json\/wp\/v2\/posts\/246118\/revisions"}],"wp:featuredmedia":[{"embeddable":true,"href":"https:\/\/migracao.redenoticia.com.br\/noticia\/wp-json\/wp\/v2\/media\/244165"}],"wp:attachment":[{"href":"https:\/\/migracao.redenoticia.com.br\/noticia\/wp-json\/wp\/v2\/media?parent=246118"}],"wp:term":[{"taxonomy":"category","embeddable":true,"href":"https:\/\/migracao.redenoticia.com.br\/noticia\/wp-json\/wp\/v2\/categories?post=246118"},{"taxonomy":"post_tag","embeddable":true,"href":"https:\/\/migracao.redenoticia.com.br\/noticia\/wp-json\/wp\/v2\/tags?post=246118"}],"curies":[{"name":"wp","href":"https:\/\/api.w.org\/{rel}","templated":true}]}}