{"id":246143,"date":"2024-07-23T16:33:33","date_gmt":"2024-07-23T19:33:33","guid":{"rendered":"https:\/\/www.redenoticia.com.br\/noticia\/?p=246143"},"modified":"2024-07-23T16:33:33","modified_gmt":"2024-07-23T19:33:33","slug":"resumo-alma-gemea-24-07-serena-pede-que-agnes-lhe-de-um-abraco","status":"publish","type":"post","link":"https:\/\/migracao.redenoticia.com.br\/noticia\/2024\/resumo-alma-gemea-24-07-serena-pede-que-agnes-lhe-de-um-abraco\/246143","title":{"rendered":"Resumo &#8220;Alma G\u00eamea&#8221; 24\/07: Serena pede que Agnes lhe d\u00ea um abra\u00e7o"},"content":{"rendered":"<p> <img loading=\"lazy\" decoding=\"async\" src=\"https:\/\/migracao.redenoticia.com.br\/noticia\/imagens\/resumo-alma-gemea-logo-novela.jpg\" alt=\"\" width=\"1280\" height=\"720\" class=\"aligncenter size-full wp-image-244166\" srcset=\"https:\/\/migracao.redenoticia.com.br\/noticia\/imagens\/resumo-alma-gemea-logo-novela.jpg 1280w, https:\/\/migracao.redenoticia.com.br\/noticia\/imagens\/resumo-alma-gemea-logo-novela-250x140.jpg 250w, https:\/\/migracao.redenoticia.com.br\/noticia\/imagens\/resumo-alma-gemea-logo-novela-400x225.jpg 400w, https:\/\/migracao.redenoticia.com.br\/noticia\/imagens\/resumo-alma-gemea-logo-novela-768x432.jpg 768w, https:\/\/migracao.redenoticia.com.br\/noticia\/imagens\/resumo-alma-gemea-logo-novela-150x85.jpg 150w\" sizes=\"auto, (max-width: 1280px) 100vw, 1280px\" \/><\/p>\n<p><em><strong>Resumo da novela &#8220;Alma G\u00eamea&#8221;<\/strong><\/em> em 24\/07: no cap\u00edtulo 063(*) da novela, Ab\u00edlio fala para Ol\u00edvia que ela pode perder a guarda de seus filhos se n\u00e3o aceitar Raul de volta. Alexandra manda Julian se afastar. Julian diz a Eduardo que o problema de Alexandra parece ser espiritual e pede permiss\u00e3o para continuar o tratamento. Vit\u00f3rio garante a Ol\u00edvia que vai dar um jeito em Raul. Dalila n\u00e3o coloca o len\u00e7ol para separar seu lado da cama mas, magoado, Roberval, coloca. O advogado de Raul diz que o juiz ficar\u00e1 contra Ol\u00edvia quando souber que ela n\u00e3o o aceitou de volta. Guto pede ao delegado para chamar Cristina, mas ele se recusa. D\u00e9bora conta a Cristina quais s\u00e3o os sintomas da gravidez para que ela conven\u00e7a Eduardo. Dalila diz a Raul que n\u00e3o suporta mais sua situa\u00e7\u00e3o. Vit\u00f3rio ouve e pergunta o que quis dizer. Rafael vai visitar Ciro no hospital. Julian se prepara para hipnotizar Serena e diz que ela vai voltar ainda mais no passado dessa vez.<\/p>\n<p> Julian hipnotiza Serena. Serena se v\u00ea dan\u00e7ando no ateli\u00ea de Luna. Cristina fala para Eduardo o que est\u00e1 sentindo. Eduardo pede que Cristina fa\u00e7a um exame de laborat\u00f3rio em S\u00e3o Paulo para ter certeza absoluta da gravidez. Rafael descobre que Ciro est\u00e1 fora de perigo. Dalila afirma para Vit\u00f3rio que estava apenas pedindo um aumento a Raul. Elias fala para K\u00e1tia que ela deveria dar uma chance a Crispim, pois ele gosta dela de verdade. Vit\u00f3rio exige que Raul deixe Ol\u00edvia em paz. Serena se v\u00ea crian\u00e7a nos bra\u00e7os de Agnes e v\u00ea um menininho que tem certeza que \u00e9 seu irm\u00e3o. Raul e Vit\u00f3rio discutem. Rafael exige que parem. Ol\u00edvia n\u00e3o assume o namoro com Vit\u00f3rio na frente de Raul. O cozinheiro fica furioso. Dalila diz a Raul que nunca mais quer saber dele. Ela abra\u00e7a Roberval e agradece por tudo que tem feito por ela. Julian pergunta a Rafael se Luna tinha um irm\u00e3o e ele afirma que n\u00e3o. Agnes ouve e come\u00e7a a chorar. Guto fala para Cristina que vai contar tudo o que sabe se n\u00e3o ajud\u00e1-lo a sair da cadeia.<\/p>\n<p>Cristina garante a Guto que vai ajud\u00e1-lo. Guto finge acreditar. Agnes fala para Julian que Luna teve um irm\u00e3o que morreu ainda pequeno. Julian diz que isso prova que Serena \u00e9 mesmo Luna, mas Agnes ainda n\u00e3o est\u00e1 convencida. Rafael se entusiasma e pede que Julian continue com as sess\u00f5es. Agnes pergunta a Adelaide se ela contou a Serena sobre seu filho e ela nega. Cristina fala para D\u00e9bora que n\u00e3o tem dinheiro para pagar um advogado para Guto. D\u00e9bora sugere que Cristina prometa pagar depois que se casar. Ciro acorda e diz que precisa falar com Rafael. Eduardo diz a Rafael que, ap\u00f3s os exames, acredita que Cristina esteja mesmo gr\u00e1vida. Terezinha exige que Dalila lhe d\u00ea um vestido, amea\u00e7ando contar que seu filho \u00e9 de Raul. Roberval manda Terezinha se afastar de Dalila, deixando-a furiosa. Vit\u00f3rio e Ol\u00edvia fazem as pazes. Ol\u00edvia fala para Vit\u00f3rio que eles precisam descobrir algum deslize de Raul para usar contra ele. K\u00e1tia percebe que Ritinha est\u00e1 com febre. Serena pede que Agnes lhe d\u00ea um abra\u00e7o. Agnes n\u00e3o se move. Serena diz a Agnes que sabe por que seu cora\u00e7\u00e3o est\u00e1 fechado.<\/p>\n<p>(*) edi\u00e7\u00e3o das novelas da Globo, &#8220;Alma G\u00eamea&#8221;, sujeito a altera\u00e7\u00e3o de data e conte\u00fado.<\/p>\n<p>Sinopse &#8220;Alma G\u00eamea&#8221;: Rafael e Luna casam-se e t\u00eam um filho, mas a felicidade \u00e9 invejada por Cristina. Em um passeio, Rafael reage a um assalto e um dos ladr\u00f5es, que \u00e9 conhecido de Cristina, atira. Luna morre. Enquanto Rafael se desespera com a perda de Luna, em um lugar bem distante dali, nasce a menina Serena, filha de uma \u00edndia com um garimpeiro. Ela cresce em uma aldeia ind\u00edgena e tem vis\u00f5es. <\/p>\n<p>Vinte anos se passam da morte de Luna. Serena consegue trabalho como empregada na mans\u00e3o de Rafael. Serena tem em seu corpo uma marca de nascen\u00e7a, no mesmo lugar em que Luna levou o tiro. A trama segue envolta em mist\u00e9rios e marcada por fatos inexplic\u00e1veis. Rafael passa a acreditar que Serena \u00e9 de fato a reencarna\u00e7\u00e3o de Luna, se apaixona por ela e a pede em casamento. Cristina e sua m\u00e3e D\u00e9bora percebem que Serena representa uma amea\u00e7a, e a novela segue com as duas tramando de tudo para separar os dois.<\/p>\n","protected":false},"excerpt":{"rendered":"<p>Resumo da novela &#8220;Alma G\u00eamea&#8221; em 24\/07: no cap\u00edtulo 063(*) da novela, Ab\u00edlio fala para Ol\u00edvia que ela pode perder a guarda de seus filhos se n\u00e3o aceitar Raul de volta. Alexandra manda Julian se afastar. Julian diz a Eduardo que o problema de Alexandra parece ser espiritual e pede permiss\u00e3o para continuar o tratamento. [&hellip;]<\/p>\n","protected":false},"author":4,"featured_media":244165,"comment_status":"closed","ping_status":"closed","sticky":false,"template":"","format":"standard","meta":{"tdm_status":"","tdm_grid_status":"","footnotes":""},"categories":[2328,379,375,2025,343],"tags":[441],"class_list":{"0":"post-246143","1":"post","2":"type-post","3":"status-publish","4":"format-standard","5":"has-post-thumbnail","7":"category-alma-gemea","8":"category-novelas","9":"category-rede-globo","10":"category-resumo","11":"category-televisao","12":"tag-resumo-do-dia"},"_links":{"self":[{"href":"https:\/\/migracao.redenoticia.com.br\/noticia\/wp-json\/wp\/v2\/posts\/246143","targetHints":{"allow":["GET"]}}],"collection":[{"href":"https:\/\/migracao.redenoticia.com.br\/noticia\/wp-json\/wp\/v2\/posts"}],"about":[{"href":"https:\/\/migracao.redenoticia.com.br\/noticia\/wp-json\/wp\/v2\/types\/post"}],"author":[{"embeddable":true,"href":"https:\/\/migracao.redenoticia.com.br\/noticia\/wp-json\/wp\/v2\/users\/4"}],"replies":[{"embeddable":true,"href":"https:\/\/migracao.redenoticia.com.br\/noticia\/wp-json\/wp\/v2\/comments?post=246143"}],"version-history":[{"count":0,"href":"https:\/\/migracao.redenoticia.com.br\/noticia\/wp-json\/wp\/v2\/posts\/246143\/revisions"}],"wp:featuredmedia":[{"embeddable":true,"href":"https:\/\/migracao.redenoticia.com.br\/noticia\/wp-json\/wp\/v2\/media\/244165"}],"wp:attachment":[{"href":"https:\/\/migracao.redenoticia.com.br\/noticia\/wp-json\/wp\/v2\/media?parent=246143"}],"wp:term":[{"taxonomy":"category","embeddable":true,"href":"https:\/\/migracao.redenoticia.com.br\/noticia\/wp-json\/wp\/v2\/categories?post=246143"},{"taxonomy":"post_tag","embeddable":true,"href":"https:\/\/migracao.redenoticia.com.br\/noticia\/wp-json\/wp\/v2\/tags?post=246143"}],"curies":[{"name":"wp","href":"https:\/\/api.w.org\/{rel}","templated":true}]}}