{"id":246267,"date":"2024-07-28T14:03:35","date_gmt":"2024-07-28T17:03:35","guid":{"rendered":"https:\/\/www.redenoticia.com.br\/noticia\/?p=246267"},"modified":"2024-07-28T14:03:35","modified_gmt":"2024-07-28T17:03:35","slug":"resumo-alma-gemea-29-07-cristina-contrata-advogado-para-guto","status":"publish","type":"post","link":"https:\/\/migracao.redenoticia.com.br\/noticia\/2024\/resumo-alma-gemea-29-07-cristina-contrata-advogado-para-guto\/246267","title":{"rendered":"Resumo &#8220;Alma G\u00eamea&#8221; 29\/07: Cristina contrata advogado para Guto"},"content":{"rendered":"<p> <img loading=\"lazy\" decoding=\"async\" src=\"https:\/\/migracao.redenoticia.com.br\/noticia\/imagens\/resumo-alma-gemea-logo-novela.jpg\" alt=\"\" width=\"1280\" height=\"720\" class=\"aligncenter size-full wp-image-244166\" srcset=\"https:\/\/migracao.redenoticia.com.br\/noticia\/imagens\/resumo-alma-gemea-logo-novela.jpg 1280w, https:\/\/migracao.redenoticia.com.br\/noticia\/imagens\/resumo-alma-gemea-logo-novela-250x140.jpg 250w, https:\/\/migracao.redenoticia.com.br\/noticia\/imagens\/resumo-alma-gemea-logo-novela-400x225.jpg 400w, https:\/\/migracao.redenoticia.com.br\/noticia\/imagens\/resumo-alma-gemea-logo-novela-768x432.jpg 768w, https:\/\/migracao.redenoticia.com.br\/noticia\/imagens\/resumo-alma-gemea-logo-novela-150x85.jpg 150w\" sizes=\"auto, (max-width: 1280px) 100vw, 1280px\" \/><\/p>\n<p><em><strong>Resumo da novela &#8220;Alma G\u00eamea&#8221;<\/strong><\/em> em 29\/07: no cap\u00edtulo 066(*) da novela, Cristina garante a Guto que vai ajud\u00e1-lo. Guto finge acreditar. Agnes fala para Julian que Luna teve um irm\u00e3o que morreu ainda pequeno. Julian diz que isso prova que Serena \u00e9 mesmo Luna, mas Agnes ainda n\u00e3o est\u00e1 convencida. Rafael se entusiasma e pede que Julian continue com as sess\u00f5es. Agnes pergunta a Adelaide se ela contou a Serena sobre seu filho e ela nega. Cristina fala para D\u00e9bora que n\u00e3o tem dinheiro para pagar um advogado para Guto. D\u00e9bora sugere que Cristina prometa pagar depois que se casar. <\/p>\n<p>Ciro acorda e diz que precisa falar com Rafael. Eduardo diz a Rafael que, ap\u00f3s os exames, acredita que Cristina esteja mesmo gr\u00e1vida. Terezinha exige que Dalila lhe d\u00ea um vestido, amea\u00e7ando contar que seu filho \u00e9 de Raul. Roberval manda Terezinha se afastar de Dalila, deixando-a furiosa. Vit\u00f3rio e Ol\u00edvia fazem as pazes. Ol\u00edvia fala para Vit\u00f3rio que eles precisam descobrir algum deslize de Raul para usar contra ele. K\u00e1tia percebe que Ritinha est\u00e1 com febre. Serena pede que Agnes lhe d\u00ea um abra\u00e7o. Agnes n\u00e3o se move. Serena diz a Agnes que sabe por que seu cora\u00e7\u00e3o est\u00e1 fechado.<\/p>\n<p>Agnes confessa para Serena que se sente culpada pela morte do filho. Serena tenta abra\u00e7ar Agnes, mas ela a repele e continua n\u00e3o acreditando que ela \u00e9 a reencarna\u00e7\u00e3o de Luna. Adelaide e Rafael afirmam para Agnes que n\u00e3o contaram a Serena que Luna tinha um irm\u00e3o. Roberval mostra a Dalila a medalhinha que estava usando quando foi abandonado no orfanato e diz que quer d\u00e1-la ao seu beb\u00ea. D\u00e9bora e Cristina planejam separar Felipe de Mirella. Ritinha continua doente e K\u00e1tia n\u00e3o sabe como vai pagar pelo tratamento. <\/p>\n<p>Raul diz a Ol\u00edvia que vai assumir o comando do restaurante, mas ela afirma que jamais permitir\u00e1. Terezinha exige que Raul lhe d\u00ea um vestido para n\u00e3o contar que ele \u00e9 o pai do filho de Dalila. Madalena fala para Ol\u00edvia que Raul pagou um vestido para Terezinha. Cristina contrata um advogado para fingir que est\u00e1 se empenhando em tirar Guto da cadeia. Rafael pergunta a Guto o que h\u00e1 entre ele e Cristina.<\/p>\n<p>(*) edi\u00e7\u00e3o das novelas da Globo, &#8220;Alma G\u00eamea&#8221;, sujeito a altera\u00e7\u00e3o de data e conte\u00fado.<\/p>\n<p>Sinopse &#8220;Alma G\u00eamea&#8221;: Rafael e Luna casam-se e t\u00eam um filho, mas a felicidade \u00e9 invejada por Cristina. Em um passeio, Rafael reage a um assalto e um dos ladr\u00f5es, que \u00e9 conhecido de Cristina, atira. Luna morre. Enquanto Rafael se desespera com a perda de Luna, em um lugar bem distante dali, nasce a menina Serena, filha de uma \u00edndia com um garimpeiro. Ela cresce em uma aldeia ind\u00edgena e tem vis\u00f5es. <\/p>\n<p>Vinte anos se passam da morte de Luna. Serena consegue trabalho como empregada na mans\u00e3o de Rafael. Serena tem em seu corpo uma marca de nascen\u00e7a, no mesmo lugar em que Luna levou o tiro. A trama segue envolta em mist\u00e9rios e marcada por fatos inexplic\u00e1veis. Rafael passa a acreditar que Serena \u00e9 de fato a reencarna\u00e7\u00e3o de Luna, se apaixona por ela e a pede em casamento. Cristina e sua m\u00e3e D\u00e9bora percebem que Serena representa uma amea\u00e7a, e a novela segue com as duas tramando de tudo para separar os dois. <\/p>\n","protected":false},"excerpt":{"rendered":"<p>Resumo da novela &#8220;Alma G\u00eamea&#8221; em 29\/07: no cap\u00edtulo 066(*) da novela, Cristina garante a Guto que vai ajud\u00e1-lo. Guto finge acreditar. Agnes fala para Julian que Luna teve um irm\u00e3o que morreu ainda pequeno. Julian diz que isso prova que Serena \u00e9 mesmo Luna, mas Agnes ainda n\u00e3o est\u00e1 convencida. Rafael se entusiasma e [&hellip;]<\/p>\n","protected":false},"author":5,"featured_media":244165,"comment_status":"closed","ping_status":"closed","sticky":false,"template":"","format":"standard","meta":{"tdm_status":"","tdm_grid_status":"","footnotes":""},"categories":[2328,379,375,2025,343],"tags":[441],"class_list":{"0":"post-246267","1":"post","2":"type-post","3":"status-publish","4":"format-standard","5":"has-post-thumbnail","7":"category-alma-gemea","8":"category-novelas","9":"category-rede-globo","10":"category-resumo","11":"category-televisao","12":"tag-resumo-do-dia"},"_links":{"self":[{"href":"https:\/\/migracao.redenoticia.com.br\/noticia\/wp-json\/wp\/v2\/posts\/246267","targetHints":{"allow":["GET"]}}],"collection":[{"href":"https:\/\/migracao.redenoticia.com.br\/noticia\/wp-json\/wp\/v2\/posts"}],"about":[{"href":"https:\/\/migracao.redenoticia.com.br\/noticia\/wp-json\/wp\/v2\/types\/post"}],"author":[{"embeddable":true,"href":"https:\/\/migracao.redenoticia.com.br\/noticia\/wp-json\/wp\/v2\/users\/5"}],"replies":[{"embeddable":true,"href":"https:\/\/migracao.redenoticia.com.br\/noticia\/wp-json\/wp\/v2\/comments?post=246267"}],"version-history":[{"count":0,"href":"https:\/\/migracao.redenoticia.com.br\/noticia\/wp-json\/wp\/v2\/posts\/246267\/revisions"}],"wp:featuredmedia":[{"embeddable":true,"href":"https:\/\/migracao.redenoticia.com.br\/noticia\/wp-json\/wp\/v2\/media\/244165"}],"wp:attachment":[{"href":"https:\/\/migracao.redenoticia.com.br\/noticia\/wp-json\/wp\/v2\/media?parent=246267"}],"wp:term":[{"taxonomy":"category","embeddable":true,"href":"https:\/\/migracao.redenoticia.com.br\/noticia\/wp-json\/wp\/v2\/categories?post=246267"},{"taxonomy":"post_tag","embeddable":true,"href":"https:\/\/migracao.redenoticia.com.br\/noticia\/wp-json\/wp\/v2\/tags?post=246267"}],"curies":[{"name":"wp","href":"https:\/\/api.w.org\/{rel}","templated":true}]}}