{"id":246279,"date":"2024-07-30T13:05:38","date_gmt":"2024-07-30T16:05:38","guid":{"rendered":"https:\/\/www.redenoticia.com.br\/noticia\/?p=246279"},"modified":"2024-07-30T17:08:26","modified_gmt":"2024-07-30T20:08:26","slug":"resumo-alma-gemea-30-07-serena-se-lembra-de-um-homem-maltratando-luna","status":"publish","type":"post","link":"https:\/\/migracao.redenoticia.com.br\/noticia\/2024\/resumo-alma-gemea-30-07-serena-se-lembra-de-um-homem-maltratando-luna\/246279","title":{"rendered":"Resumo &#8220;Alma G\u00eamea&#8221; 31\/07: Serena se lembra de um homem maltratando Luna"},"content":{"rendered":"<p> <img loading=\"lazy\" decoding=\"async\" src=\"https:\/\/migracao.redenoticia.com.br\/noticia\/imagens\/resumo-alma-gemea-logo-novela.jpg\" alt=\"\" width=\"1280\" height=\"720\" class=\"aligncenter size-full wp-image-244166\" srcset=\"https:\/\/migracao.redenoticia.com.br\/noticia\/imagens\/resumo-alma-gemea-logo-novela.jpg 1280w, https:\/\/migracao.redenoticia.com.br\/noticia\/imagens\/resumo-alma-gemea-logo-novela-250x140.jpg 250w, https:\/\/migracao.redenoticia.com.br\/noticia\/imagens\/resumo-alma-gemea-logo-novela-400x225.jpg 400w, https:\/\/migracao.redenoticia.com.br\/noticia\/imagens\/resumo-alma-gemea-logo-novela-768x432.jpg 768w, https:\/\/migracao.redenoticia.com.br\/noticia\/imagens\/resumo-alma-gemea-logo-novela-150x85.jpg 150w\" sizes=\"auto, (max-width: 1280px) 100vw, 1280px\" \/><\/p>\n<p><em><strong>Resumo da novela &#8220;Alma G\u00eamea&#8221;<\/strong><\/em> em 31\/07: no cap\u00edtulo 067(*) da novela, Rafael quer saber se Guto teve encontros com Cristina depois que saiu da cadeia. Agnes fala para Serena que acreditar\u00e1 que ela \u00e9 mesmo a sua filha se ela se lembrar de um segredo que existia entre as duas. Guto n\u00e3o fala sobre sua rela\u00e7\u00e3o com Cristina para Rafael. Ol\u00edvia fica furiosa com Terezinha. Mirella avisa Ol\u00edvia que ela n\u00e3o pode demonstrar sua raiva, ou Raul perceber\u00e1 que sabe seu segredo. K\u00e1tia pede a Raul o dinheiro de que precisa para o tratamento de Ritinha. Cristina fala para K\u00e1tia que s\u00f3 ter\u00e1 o dinheiro se ajud\u00e1-la a separar Mirella de Felipe. K\u00e1tia, mesmo se sentindo culpada, concorda. Julian hipnotiza Serena e ela se lembra de um homem maltratando Luna. Serena afirma para Julian que tem certeza de que aquela lembran\u00e7a tem a ver com Agnes. Ciro tenta falar para Agnes algo sobre Cristina. Ol\u00edvia pergunta a Terezinha se ela est\u00e1 envolvida com Raul. Agnes conta para Rafael que Ciro tem algo sobre Cristina para lhe dizer. Terezinha revela a Ol\u00edvia que o filho que Dalila est\u00e1 esperando \u00e9 de Raul. Guto conta para Cristina que Rafael o procurou.<\/p>\n<p>Cristina garante a Guto que o ama, que vai tir\u00e1-lo da pris\u00e3o e pede que n\u00e3o conte nada a Rafael. Divina fica estupefata ao saber do namoro entre Dalila e Raul. Ol\u00edvia fica furiosa e Roberval defende Dalila. Eduardo permite que Julian trate Alexandra. Julian avisa Eduardo que Alexandra ficar\u00e1 ainda mais agressiva no in\u00edcio do tratamento, pois a voz que fala com ela a perturbar\u00e1. D\u00e9bora garante a Cristina que vai dar um jeito em Guto quando ele sair da cadeia. Rafael pergunta a Ciro se foi Cristina quem mandou Guto dar um beijo em Serena. Ciro indica que sim com as m\u00e3os, mas Rafael n\u00e3o v\u00ea, pois \u00e9 retirado do quarto pela enfermeira. Alexandra empurra Nair, que bate a cabe\u00e7a. Roberval explica que se casou com Dalila mesmo sabendo que ela estava gr\u00e1vida de outro porque a ama. Todos ficam emocionados. Crispim v\u00ea Jorge e Mirna juntos. Osvaldo, Vit\u00f3rio e H\u00e9lio v\u00e3o tomar satisfa\u00e7\u00f5es com Raul. Cristina tenta se aproximar de Rafael que em vez de v\u00ea-la, enxerga Serena e por isso lhe sorri.<\/p>\n<p>(*) edi\u00e7\u00e3o das novelas da Globo, &#8220;Alma G\u00eamea&#8221;, sujeito a altera\u00e7\u00e3o de data e conte\u00fado.<\/p>\n<p>Sinopse &#8220;Alma G\u00eamea&#8221;: Rafael e Luna casam-se e t\u00eam um filho, mas a felicidade \u00e9 invejada por Cristina. Em um passeio, Rafael reage a um assalto e um dos ladr\u00f5es, que \u00e9 conhecido de Cristina, atira. Luna morre. Enquanto Rafael se desespera com a perda de Luna, em um lugar bem distante dali, nasce a menina Serena, filha de uma \u00edndia com um garimpeiro. Ela cresce em uma aldeia ind\u00edgena e tem vis\u00f5es. <\/p>\n<p>Vinte anos se passam da morte de Luna. Serena consegue trabalho como empregada na mans\u00e3o de Rafael. Serena tem em seu corpo uma marca de nascen\u00e7a, no mesmo lugar em que Luna levou o tiro. A trama segue envolta em mist\u00e9rios e marcada por fatos inexplic\u00e1veis. Rafael passa a acreditar que Serena \u00e9 de fato a reencarna\u00e7\u00e3o de Luna, se apaixona por ela e a pede em casamento. Cristina e sua m\u00e3e D\u00e9bora percebem que Serena representa uma amea\u00e7a, e a novela segue com as duas tramando de tudo para separar os dois.<\/p>\n","protected":false},"excerpt":{"rendered":"<p>Resumo da novela &#8220;Alma G\u00eamea&#8221; em 31\/07: no cap\u00edtulo 067(*) da novela, Rafael quer saber se Guto teve encontros com Cristina depois que saiu da cadeia. Agnes fala para Serena que acreditar\u00e1 que ela \u00e9 mesmo a sua filha se ela se lembrar de um segredo que existia entre as duas. Guto n\u00e3o fala sobre [&hellip;]<\/p>\n","protected":false},"author":3,"featured_media":244165,"comment_status":"closed","ping_status":"closed","sticky":false,"template":"","format":"standard","meta":{"tdm_status":"","tdm_grid_status":"","footnotes":""},"categories":[2328,379,375,2025,343],"tags":[441],"class_list":{"0":"post-246279","1":"post","2":"type-post","3":"status-publish","4":"format-standard","5":"has-post-thumbnail","7":"category-alma-gemea","8":"category-novelas","9":"category-rede-globo","10":"category-resumo","11":"category-televisao","12":"tag-resumo-do-dia"},"_links":{"self":[{"href":"https:\/\/migracao.redenoticia.com.br\/noticia\/wp-json\/wp\/v2\/posts\/246279","targetHints":{"allow":["GET"]}}],"collection":[{"href":"https:\/\/migracao.redenoticia.com.br\/noticia\/wp-json\/wp\/v2\/posts"}],"about":[{"href":"https:\/\/migracao.redenoticia.com.br\/noticia\/wp-json\/wp\/v2\/types\/post"}],"author":[{"embeddable":true,"href":"https:\/\/migracao.redenoticia.com.br\/noticia\/wp-json\/wp\/v2\/users\/3"}],"replies":[{"embeddable":true,"href":"https:\/\/migracao.redenoticia.com.br\/noticia\/wp-json\/wp\/v2\/comments?post=246279"}],"version-history":[{"count":0,"href":"https:\/\/migracao.redenoticia.com.br\/noticia\/wp-json\/wp\/v2\/posts\/246279\/revisions"}],"wp:featuredmedia":[{"embeddable":true,"href":"https:\/\/migracao.redenoticia.com.br\/noticia\/wp-json\/wp\/v2\/media\/244165"}],"wp:attachment":[{"href":"https:\/\/migracao.redenoticia.com.br\/noticia\/wp-json\/wp\/v2\/media?parent=246279"}],"wp:term":[{"taxonomy":"category","embeddable":true,"href":"https:\/\/migracao.redenoticia.com.br\/noticia\/wp-json\/wp\/v2\/categories?post=246279"},{"taxonomy":"post_tag","embeddable":true,"href":"https:\/\/migracao.redenoticia.com.br\/noticia\/wp-json\/wp\/v2\/tags?post=246279"}],"curies":[{"name":"wp","href":"https:\/\/api.w.org\/{rel}","templated":true}]}}