{"id":246439,"date":"2024-08-06T15:15:58","date_gmt":"2024-08-06T18:15:58","guid":{"rendered":"https:\/\/www.redenoticia.com.br\/noticia\/?p=246439"},"modified":"2024-08-06T15:15:26","modified_gmt":"2024-08-06T18:15:26","slug":"resumo-alma-gemea-05-08-adelaide-pergunta-a-agnes-se-ela-gosta-de-ciro","status":"publish","type":"post","link":"https:\/\/migracao.redenoticia.com.br\/noticia\/2024\/resumo-alma-gemea-05-08-adelaide-pergunta-a-agnes-se-ela-gosta-de-ciro\/246439","title":{"rendered":"Resumo &#8220;Alma G\u00eamea&#8221; 07\/08: Adelaide pergunta a Agnes se ela gosta de Ciro"},"content":{"rendered":"<p> <img loading=\"lazy\" decoding=\"async\" src=\"https:\/\/migracao.redenoticia.com.br\/noticia\/imagens\/resumo-alma-gemea-logo-novela.jpg\" alt=\"\" width=\"1280\" height=\"720\" class=\"aligncenter size-full wp-image-244166\" srcset=\"https:\/\/migracao.redenoticia.com.br\/noticia\/imagens\/resumo-alma-gemea-logo-novela.jpg 1280w, https:\/\/migracao.redenoticia.com.br\/noticia\/imagens\/resumo-alma-gemea-logo-novela-250x140.jpg 250w, https:\/\/migracao.redenoticia.com.br\/noticia\/imagens\/resumo-alma-gemea-logo-novela-400x225.jpg 400w, https:\/\/migracao.redenoticia.com.br\/noticia\/imagens\/resumo-alma-gemea-logo-novela-768x432.jpg 768w, https:\/\/migracao.redenoticia.com.br\/noticia\/imagens\/resumo-alma-gemea-logo-novela-150x85.jpg 150w\" sizes=\"auto, (max-width: 1280px) 100vw, 1280px\" \/><\/p>\n<p><em><strong>Resumo da novela &#8220;Alma G\u00eamea&#8221;<\/strong><\/em> em 07\/08: no cap\u00edtulo 070(*) da novela, Cristina garante a Guto que o ama, que vai tir\u00e1-lo da pris\u00e3o e pede que n\u00e3o conte nada a Rafael. Divina fica estupefata ao saber do namoro entre Dalila e Raul. Ol\u00edvia fica furiosa e Roberval defende Dalila. Eduardo permite que Julian trate Alexandra. Julian avisa Eduardo que Alexandra ficar\u00e1 ainda mais agressiva no in\u00edcio do tratamento, pois a voz que fala com ela a perturbar\u00e1. D\u00e9bora garante a Cristina que vai dar um jeito em Guto quando ele sair da cadeia. Rafael pergunta a Ciro se foi Cristina quem mandou Guto dar um beijo em Serena. Ciro indica que sim com as m\u00e3os, mas Rafael n\u00e3o v\u00ea, pois \u00e9 retirado do quarto pela enfermeira. Alexandra empurra Nair, que bate a cabe\u00e7a. Roberval explica que se casou com Dalila mesmo sabendo que ela estava gr\u00e1vida de outro porque a ama. Todos ficam emocionados. Crispim v\u00ea Jorge e Mirna juntos. Osvaldo, Vit\u00f3rio e H\u00e9lio v\u00e3o tomar satisfa\u00e7\u00f5es com Raul. Cristina tenta se aproximar de Rafael que em vez de v\u00ea-la, enxerga Serena e por isso lhe sorri.<\/p>\n<p>Rafael confessa para Cristina que ainda ama Serena. Vit\u00f3rio, H\u00e9lio e Osvaldo, ajudados por Ol\u00edvia, d\u00e3o uma li\u00e7\u00e3o em Raul. Dalila pede demiss\u00e3o da loja de flores. Cristina pergunta a D\u00e9bora se n\u00e3o deveria ter ficado com um homem mais pobre do que Rafael, mas que a amasse. D\u00e9bora convence Cristina de que ela est\u00e1 fazendo a coisa certa. Julian olha nos olhos de Alexandra e pergunta quem est\u00e1 l\u00e1. Alexandra desmaia. Crispim joga Jorge no chiqueiro, mas ele o puxa para dentro tamb\u00e9m. Dalila fala para Roberval que acha que Raul est\u00e1 roubando a loja de Rafael, mas n\u00e3o sabe se deve contar. Ol\u00edvia garante a Vit\u00f3rio que Raul n\u00e3o conseguir\u00e1 roubar o restaurante quando o juiz souber que namorou Dalila. Raul fala para seu advogado que quer acusar Ol\u00edvia de armar um esc\u00e2ndalo contra ele. Crispim permite que Jorge namore Mirna, contanto que seja sob sua supervis\u00e3o. Adelaide pergunta a Agnes se ela gosta de Ciro. Agnes afirma que tem seus motivos para n\u00e3o querer se envolver com homem algum. Rafael v\u00ea a imagem de Luna no ateli\u00ea. A imagem se transforma em Serena, deixando Rafael emocionado.<\/p>\n<p>(*) edi\u00e7\u00e3o das novelas da Globo, &#8220;Alma G\u00eamea&#8221;, sujeito a altera\u00e7\u00e3o de data e conte\u00fado.<\/p>\n<p>Sinopse &#8220;Alma G\u00eamea&#8221;: Rafael e Luna casam-se e t\u00eam um filho, mas a felicidade \u00e9 invejada por Cristina. Em um passeio, Rafael reage a um assalto e um dos ladr\u00f5es, que \u00e9 conhecido de Cristina, atira. Luna morre. Enquanto Rafael se desespera com a perda de Luna, em um lugar bem distante dali, nasce a menina Serena, filha de uma \u00edndia com um garimpeiro. Ela cresce em uma aldeia ind\u00edgena e tem vis\u00f5es. <\/p>\n<p>Vinte anos se passam da morte de Luna. Serena consegue trabalho como empregada na mans\u00e3o de Rafael. Serena tem em seu corpo uma marca de nascen\u00e7a, no mesmo lugar em que Luna levou o tiro. A trama segue envolta em mist\u00e9rios e marcada por fatos inexplic\u00e1veis. Rafael passa a acreditar que Serena \u00e9 de fato a reencarna\u00e7\u00e3o de Luna, se apaixona por ela e a pede em casamento. Cristina e sua m\u00e3e D\u00e9bora percebem que Serena representa uma amea\u00e7a, e a novela segue com as duas tramando de tudo para separar os dois.<\/p>\n","protected":false},"excerpt":{"rendered":"<p>Resumo da novela &#8220;Alma G\u00eamea&#8221; em 07\/08: no cap\u00edtulo 070(*) da novela, Cristina garante a Guto que o ama, que vai tir\u00e1-lo da pris\u00e3o e pede que n\u00e3o conte nada a Rafael. Divina fica estupefata ao saber do namoro entre Dalila e Raul. Ol\u00edvia fica furiosa e Roberval defende Dalila. Eduardo permite que Julian trate [&hellip;]<\/p>\n","protected":false},"author":5,"featured_media":244165,"comment_status":"closed","ping_status":"closed","sticky":false,"template":"","format":"standard","meta":{"tdm_status":"","tdm_grid_status":"","footnotes":""},"categories":[2328,379,375,2025,343],"tags":[441],"class_list":{"0":"post-246439","1":"post","2":"type-post","3":"status-publish","4":"format-standard","5":"has-post-thumbnail","7":"category-alma-gemea","8":"category-novelas","9":"category-rede-globo","10":"category-resumo","11":"category-televisao","12":"tag-resumo-do-dia"},"_links":{"self":[{"href":"https:\/\/migracao.redenoticia.com.br\/noticia\/wp-json\/wp\/v2\/posts\/246439","targetHints":{"allow":["GET"]}}],"collection":[{"href":"https:\/\/migracao.redenoticia.com.br\/noticia\/wp-json\/wp\/v2\/posts"}],"about":[{"href":"https:\/\/migracao.redenoticia.com.br\/noticia\/wp-json\/wp\/v2\/types\/post"}],"author":[{"embeddable":true,"href":"https:\/\/migracao.redenoticia.com.br\/noticia\/wp-json\/wp\/v2\/users\/5"}],"replies":[{"embeddable":true,"href":"https:\/\/migracao.redenoticia.com.br\/noticia\/wp-json\/wp\/v2\/comments?post=246439"}],"version-history":[{"count":0,"href":"https:\/\/migracao.redenoticia.com.br\/noticia\/wp-json\/wp\/v2\/posts\/246439\/revisions"}],"wp:featuredmedia":[{"embeddable":true,"href":"https:\/\/migracao.redenoticia.com.br\/noticia\/wp-json\/wp\/v2\/media\/244165"}],"wp:attachment":[{"href":"https:\/\/migracao.redenoticia.com.br\/noticia\/wp-json\/wp\/v2\/media?parent=246439"}],"wp:term":[{"taxonomy":"category","embeddable":true,"href":"https:\/\/migracao.redenoticia.com.br\/noticia\/wp-json\/wp\/v2\/categories?post=246439"},{"taxonomy":"post_tag","embeddable":true,"href":"https:\/\/migracao.redenoticia.com.br\/noticia\/wp-json\/wp\/v2\/tags?post=246439"}],"curies":[{"name":"wp","href":"https:\/\/api.w.org\/{rel}","templated":true}]}}