{"id":24644,"date":"2010-03-17T10:58:40","date_gmt":"2010-03-17T14:58:40","guid":{"rendered":"http:\/\/www.redenoticia.com.br\/noticia\/?p=24644"},"modified":"2018-08-13T10:49:32","modified_gmt":"2018-08-13T13:49:32","slug":"eliminado-ao-vivo-do-bbb-10-com-63-da-votacao-michel-fala-de-karen","status":"publish","type":"post","link":"https:\/\/migracao.redenoticia.com.br\/noticia\/2010\/eliminado-ao-vivo-do-bbb-10-com-63-da-votacao-michel-fala-de-karen\/24644","title":{"rendered":"Michel fala de Karen ap\u00f3s ser eliminado ao vivo do BBB 10 com 63%"},"content":{"rendered":"<p><img loading=\"lazy\" decoding=\"async\" class=\"alignleft size-full wp-image-22134\" title=\"BBB 10 Rede Globo\" src=\"https:\/\/migracao.redenoticia.com.br\/noticia\/imagens\/BBB-10-Rede-Globo.jpg\" alt=\"\" width=\"300\" height=\"193\" srcset=\"https:\/\/migracao.redenoticia.com.br\/noticia\/imagens\/BBB-10-Rede-Globo.jpg 300w, https:\/\/migracao.redenoticia.com.br\/noticia\/imagens\/BBB-10-Rede-Globo-250x161.jpg 250w, https:\/\/migracao.redenoticia.com.br\/noticia\/imagens\/BBB-10-Rede-Globo-150x97.jpg 150w\" sizes=\"auto, (max-width: 300px) 100vw, 300px\" \/>O resultado do primeiro pared\u00e3o duplo do <strong><em>BBB 10<\/em><\/strong> foi mostrado <strong><em>ao vivo<\/em><\/strong> pela Rede <strong><em>Globo<\/em><\/strong> na noite desta ter\u00e7a-feira (16\/03). <strong><em>Miche<\/em><\/strong>l foi eliminado com 63% da vota\u00e7\u00e3o e entristeceu os BBB 10 que ainda resistem. Logo na sa\u00edda Michel recebeu not\u00edcias da ex-noiva <strong><em>Karen<\/em><\/strong> Pila pelo apresentador Pedro Bial. Michel estava nitidamente atordoado e pouco falou sobre Karen, mas demonstrou espanto ao saber que ela havia feito um ensaio sensual. No programa da Ana Maria Braga desta quarta-feira, Karen desabafou e disse estar aliviada com a sa\u00edda de Michel.<\/p>\n<p>Karen tamb\u00e9m desmentiu a acusa\u00e7\u00e3o de ter se promovido com a exposi\u00e7\u00e3o de Michel no BBB 10. Segundo Karen, ela foi procurada pela imprensa e usou seu direito de falar sobre a trai\u00e7\u00e3o.<\/p>\n<p>Ap\u00f3s a elimina\u00e7\u00e3o ao vivo do publicit\u00e1rio no BBB 10, Serginho se enfiou debaixo do edredom e chorou por muito tempo. Dicesar tamb\u00e9m se recolheu e preferiu dormir. Maroca comemorou muito, jantou e dormiu, assim como Fernanda e Cadu. Dourado e Lia ficaram mais tempo conversando sobre as conseq\u00fc\u00eancias da elimina\u00e7\u00e3o de Michel.\u00a0<\/p>\n<p>BBB 10 &#8211; Rede Globo<\/p>\n","protected":false},"excerpt":{"rendered":"<p>O resultado do primeiro pared\u00e3o duplo do BBB 10 foi mostrado ao vivo pela Rede Globo na noite desta ter\u00e7a-feira (16\/03). Michel foi eliminado com 63% da vota\u00e7\u00e3o e entristeceu os BBB 10 que ainda resistem. Logo na sa\u00edda Michel recebeu not\u00edcias da ex-noiva Karen Pila pelo apresentador Pedro Bial. Michel estava nitidamente atordoado e [&hellip;]<\/p>\n","protected":false},"author":3,"featured_media":22134,"comment_status":"open","ping_status":"open","sticky":false,"template":"","format":"standard","meta":{"tdm_status":"","tdm_grid_status":"","footnotes":""},"categories":[520,22,375,343],"tags":[],"class_list":{"0":"post-24644","1":"post","2":"type-post","3":"status-publish","4":"format-standard","5":"has-post-thumbnail","7":"category-big-brother-brasil","8":"category-brasil","9":"category-rede-globo","10":"category-televisao"},"_links":{"self":[{"href":"https:\/\/migracao.redenoticia.com.br\/noticia\/wp-json\/wp\/v2\/posts\/24644","targetHints":{"allow":["GET"]}}],"collection":[{"href":"https:\/\/migracao.redenoticia.com.br\/noticia\/wp-json\/wp\/v2\/posts"}],"about":[{"href":"https:\/\/migracao.redenoticia.com.br\/noticia\/wp-json\/wp\/v2\/types\/post"}],"author":[{"embeddable":true,"href":"https:\/\/migracao.redenoticia.com.br\/noticia\/wp-json\/wp\/v2\/users\/3"}],"replies":[{"embeddable":true,"href":"https:\/\/migracao.redenoticia.com.br\/noticia\/wp-json\/wp\/v2\/comments?post=24644"}],"version-history":[{"count":0,"href":"https:\/\/migracao.redenoticia.com.br\/noticia\/wp-json\/wp\/v2\/posts\/24644\/revisions"}],"wp:featuredmedia":[{"embeddable":true,"href":"https:\/\/migracao.redenoticia.com.br\/noticia\/wp-json\/wp\/v2\/media\/22134"}],"wp:attachment":[{"href":"https:\/\/migracao.redenoticia.com.br\/noticia\/wp-json\/wp\/v2\/media?parent=24644"}],"wp:term":[{"taxonomy":"category","embeddable":true,"href":"https:\/\/migracao.redenoticia.com.br\/noticia\/wp-json\/wp\/v2\/categories?post=24644"},{"taxonomy":"post_tag","embeddable":true,"href":"https:\/\/migracao.redenoticia.com.br\/noticia\/wp-json\/wp\/v2\/tags?post=24644"}],"curies":[{"name":"wp","href":"https:\/\/api.w.org\/{rel}","templated":true}]}}